{"id":19152,"date":"2023-04-27T11:15:25","date_gmt":"2023-04-27T10:15:25","guid":{"rendered":"https:\/\/kennethsorensen.dk\/?p=19152"},"modified":"2026-06-01T18:49:32","modified_gmt":"2026-06-01T17:49:32","slug":"exploration-and-conquest-of-the-inner-worlds","status":"publish","type":"post","link":"https:\/\/kennethsorensen.dk\/en\/exploration-and-conquest-of-the-inner-worlds\/","title":{"rendered":"Exploration and Conquest of The Inner Worlds"},"content":{"rendered":"\n<h2 id=\"h-humanity-s-search-for-something-else-goes-inward-as-much-as-outward-the-expansion-of-consciousness-assagioli-argues-can-move-in-three-directions-downward-horizontally-or-upward-toward-the-self\" class=\"wp-block-heading\"><span dir=\"auto\" style=\"vertical-align: inherit;\"><span dir=\"auto\" style=\"vertical-align: inherit;\">Humanity&#8217;s search for &#8216;something else&#8217; goes inward as much as outward. The expansion of consciousness, Assagioli argues, can move in three directions: downward, horizontally, or upward toward the Self.<\/span><\/span><\/h2>\n\n\n\n<figure class=\"wp-block-image size-full\"><a href=\"https:\/\/kennethsorensen.dk\/wp-content\/uploads\/2023\/04\/exploration-inner-worlds.jpg\"><img loading=\"lazy\" decoding=\"async\" width=\"1000\" height=\"533\" src=\"https:\/\/kennethsorensen.dk\/wp-content\/uploads\/2023\/04\/exploration-inner-worlds.jpg\" alt=\"\" class=\"wp-image-19155\" srcset=\"https:\/\/kennethsorensen.dk\/wp-content\/uploads\/2023\/04\/exploration-inner-worlds.jpg 1000w, https:\/\/kennethsorensen.dk\/wp-content\/uploads\/2023\/04\/exploration-inner-worlds-300x160.jpg 300w, https:\/\/kennethsorensen.dk\/wp-content\/uploads\/2023\/04\/exploration-inner-worlds-768x409.jpg 768w, https:\/\/kennethsorensen.dk\/wp-content\/uploads\/2023\/04\/exploration-inner-worlds-400x213.jpg 400w, https:\/\/kennethsorensen.dk\/wp-content\/uploads\/2023\/04\/exploration-inner-worlds-419x223.jpg 419w\" sizes=\"auto, (max-width: 1000px) 100vw, 1000px\" \/><\/a><\/figure>\n\n\n\n<p class=\"wp-block-paragraph\"><\/p>\n\n\n\n<p class=\"wp-block-paragraph\">By <strong>Roberto Assagioli<\/strong><br>Lecture I, 12 February 1972<br>Published in <em>La Cultura Nel Mondo<\/em>, Anno XXVI, Maggio\u2013Agosto 1972, No. 3-4, pp. 11-20<br>Doc. #23481, Assagioli Archive, Florence <a href=\"#_ftn1\" id=\"_ftnref1\"><span dir=\"auto\" style=\"vertical-align: inherit;\"><span dir=\"auto\" style=\"vertical-align: inherit;\">[1]<\/span><\/span><\/a><br>Original title: <em>Espansioni della Coscienza: Conquista ed Esplorazioine dei Mondi Interni<\/em><br>Translated and edited with notes by Jan Kuniholm <a href=\"#_ftn2\" id=\"_ftnref2\"><span dir=\"auto\" style=\"vertical-align: inherit;\"><span dir=\"auto\" style=\"vertical-align: inherit;\">[2]<\/span><\/span><\/a><\/p>\n\n\n\n<p class=\"wp-block-paragraph\"><strong>Editorial Note<\/strong><br>The abstract and contextual subtitle in this online edition have been added by the editor, Kenneth S\u00f8rensen, to support readability, navigation, and archival consistency. The original wording has not been altered.<br>This is the first lecture of a course on the expansion of consciousness, delivered at the Istituto di Psicosintesi in Florence in 1972. It provides an overview; subsequent lectures develop individual themes. An appendix on the Scientific Way, derived from the typed manuscript, is included at the end of the page.<\/p>\n\n\n\n<hr class=\"wp-block-separator has-alpha-channel-opacity is-style-dots\"\/>\n\n\n\n<h4 id=\"h-abstract\" class=\"wp-block-heading\">Abstract<\/h4>\n\n\n\n<p class=\"wp-block-paragraph\">In this lecture, Roberto Assagioli opens a course on the inner worlds by mapping the human search for expanded consciousness in 1972. He identifies three directions in which consciousness can expand: downward into the lower unconscious, horizontally through identification with others and with nature, and upward toward the superconscious and transpersonal Self. He then develops the upward direction in detail, examining both the spontaneous descent of superconscious content (inspiration, intuition) and the active methods of elevation (guided imagery, free drawing, Raja Yoga, the Seven Ways). He surveys the effects of consciousness expansion, from the dangers of ego inflation to the gifts of peak experience and lasting creativity, and closes with the psychosynthetic tasks that follow: understanding, assimilation, and service.<\/p>\n\n\n\n<hr class=\"wp-block-separator has-alpha-channel-opacity is-style-dots\"\/>\n\n\n\n<p class=\"wp-block-paragraph\"><span dir=\"auto\" style=\"vertical-align: inherit;\"><span dir=\"auto\" style=\"vertical-align: inherit;\">At present, humanity is in a state of serious collective and individual crisis: there is a general sense of dissatisfaction, of discontent with ordinary life; there is a search for something different, for \u201csomething else.\u201d There is no need for me to insist on this, as it is well-known and is continuously unfolding before our eyes. This search for something else, this rebellion against ordinary life happens in two ways, and in both cases it tends towards and leads to the <\/span><\/span><em><span dir=\"auto\" style=\"vertical-align: inherit;\"><span dir=\"auto\" style=\"vertical-align: inherit;\">expansion of consciousness<\/span><\/span><\/em><span dir=\"auto\" style=\"vertical-align: inherit;\"><span dir=\"auto\" style=\"vertical-align: inherit;\"> :<\/span><\/span><\/p>\n\n\n\n<p class=\"wp-block-paragraph\"><em><span dir=\"auto\" style=\"vertical-align: inherit;\"><span dir=\"auto\" style=\"vertical-align: inherit;\">The first<\/span><\/span><\/em><span dir=\"auto\" style=\"vertical-align: inherit;\"><span dir=\"auto\" style=\"vertical-align: inherit;\"> leads to the growth of knowledge of the outside world and, above all, to the exploration, conquest and domination of space, by aviation and space flight. In parallel with these are the activities to master and use all the forces of nature, up to the powerful subatomic energy.<\/span><\/span><\/p>\n\n\n\n<p class=\"wp-block-paragraph\"><em><span dir=\"auto\" style=\"vertical-align: inherit;\"><span dir=\"auto\" style=\"vertical-align: inherit;\">The second way<\/span><\/span><\/em><span dir=\"auto\" style=\"vertical-align: inherit;\"><span dir=\"auto\" style=\"vertical-align: inherit;\"> for the expansion of consciousness is that of knowledge of the <\/span><\/span><em><span dir=\"auto\" style=\"vertical-align: inherit;\"><span dir=\"auto\" style=\"vertical-align: inherit;\">inner world<\/span><\/span><\/em><span dir=\"auto\" style=\"vertical-align: inherit;\"><span dir=\"auto\" style=\"vertical-align: inherit;\"> , indeed of the inner worlds. Hence, the growing interest in psychology and (especially the exploration of the unconscious), investigations into the nature of psychological energies, the laws that govern them, and their use and (frequent!) misuse.<\/span><\/span><\/p>\n\n\n\n<p class=\"wp-block-paragraph\"><span dir=\"auto\" style=\"vertical-align: inherit;\"><span dir=\"auto\" style=\"vertical-align: inherit;\">Therefore, we thought it appropriate to hold a Course of Lectures on this subject, proposing to make some necessary clarifications; to take stock of the present state; to show the directions and developments taking place; to indicate the ways that can be followed, and the techniques to be used. Today I will give an overview and outline a program. In the following lectures the various themes will be developed in a more specific way.<\/span><\/span><\/p>\n\n\n\n<p class=\"wp-block-paragraph\"><span dir=\"auto\" style=\"vertical-align: inherit;\"><span dir=\"auto\" style=\"vertical-align: inherit;\">Enlargements of consciousness can occur in three directions: 1. <\/span><\/span><em><span dir=\"auto\" style=\"vertical-align: inherit;\"><span dir=\"auto\" style=\"vertical-align: inherit;\">Downward<\/span><\/span><\/em><span dir=\"auto\" style=\"vertical-align: inherit;\"><span dir=\"auto\" style=\"vertical-align: inherit;\"> ; 2. <\/span><\/span><em><span dir=\"auto\" style=\"vertical-align: inherit;\"><span dir=\"auto\" style=\"vertical-align: inherit;\">Horizontally<\/span><\/span><\/em><span dir=\"auto\" style=\"vertical-align: inherit;\"><span dir=\"auto\" style=\"vertical-align: inherit;\"> ; 3. <\/span><\/span><em><span dir=\"auto\" style=\"vertical-align: inherit;\"><span dir=\"auto\" style=\"vertical-align: inherit;\">Upwards<\/span><\/span><\/em><span dir=\"auto\" style=\"vertical-align: inherit;\"><span dir=\"auto\" style=\"vertical-align: inherit;\"> .<\/span><\/span><\/p>\n\n\n\n<ol style=\"list-style-type:1\" class=\"wp-block-list\">\n<li><span dir=\"auto\" style=\"vertical-align: inherit;\"><span dir=\"auto\" style=\"vertical-align: inherit;\">In the <\/span><\/span><em><span dir=\"auto\" style=\"vertical-align: inherit;\"><span dir=\"auto\" style=\"vertical-align: inherit;\">downward direction<\/span><\/span><\/em><span dir=\"auto\" style=\"vertical-align: inherit;\"><span dir=\"auto\" style=\"vertical-align: inherit;\"> there is an inclination to explore the lower unconscious, or to allow it to emerge into the field of consciousness. This is the task of &#8220;depth psychology,&#8221; and particularly of psychoanalysis. <\/span><\/span><a id=\"_ftnref3\" href=\"#_ftn3\"><span dir=\"auto\" style=\"vertical-align: inherit;\"><span dir=\"auto\" style=\"vertical-align: inherit;\">[3]<\/span><\/span><\/a><span dir=\"auto\" style=\"vertical-align: inherit;\"><span dir=\"auto\" style=\"vertical-align: inherit;\"> This is done, and can be useful for practical, therapeutic or educational reasons. However, there is also the attraction to the lower regions; there is the \u201cfascination with horror,\u201d the fascination exerted by the primitive and instinctive aspects of human nature. This is clearly revealed in the interest and spread of writings, films, and shows dealing with topics of violence and morbid states. Here, unfortunately, a vicious circle is formed; that is, interest turned downward is nurtured, indeed exacerbated, by those who, for motives of economic interest, out of thirst for profit, cultivate these tastes and offer ever worse readings and shows. The depiction of horror is also found in many paintings and drawings by modern artists. <\/span><\/span><a id=\"_ftnref4\" href=\"#_ftn4\"><span dir=\"auto\" style=\"vertical-align: inherit;\"><span dir=\"auto\" style=\"vertical-align: inherit;\">[4]<\/span><\/span><\/a><\/li>\n\n\n\n<li><span dir=\"auto\" style=\"vertical-align: inherit;\"><span dir=\"auto\" style=\"vertical-align: inherit;\">Another direction in which consciousness tends to expand is its participation and identification with other beings, with nature, with things, which can be called <\/span><\/span><em><span dir=\"auto\" style=\"vertical-align: inherit;\"><span dir=\"auto\" style=\"vertical-align: inherit;\">horizontal<\/span><\/span><\/em><span dir=\"auto\" style=\"vertical-align: inherit;\"><span dir=\"auto\" style=\"vertical-align: inherit;\"> . This is the tendency to escape one&#8217;s personal self-consciousness and immerse oneself in the collective consciousness. Let us remember that collective consciousness <\/span><\/span><em><span dir=\"auto\" style=\"vertical-align: inherit;\"><span dir=\"auto\" style=\"vertical-align: inherit;\">preceded<\/span><\/span><\/em><span dir=\"auto\" style=\"vertical-align: inherit;\"><span dir=\"auto\" style=\"vertical-align: inherit;\"> individual self-consciousness; we find it in primitives, children and \u2014 to a lesser degree \u2014 in various human groups: the social, military, professional classes with which the individual identifies. The best aspects of this horizontal broadening of consciousness are identification with nature in its various aspects, and with cosmic life in general; a sense of participation in life and universal becoming.<\/span><\/span><\/li>\n\n\n\n<li><span dir=\"auto\" style=\"vertical-align: inherit;\"><span dir=\"auto\" style=\"vertical-align: inherit;\">The third direction is <\/span><\/span><em><span dir=\"auto\" style=\"vertical-align: inherit;\"><span dir=\"auto\" style=\"vertical-align: inherit;\">upwards<\/span><\/span><\/em><span dir=\"auto\" style=\"vertical-align: inherit;\"><span dir=\"auto\" style=\"vertical-align: inherit;\"> , towards the levels of the superconscious and trans-personal levels. This broadening of consciousness can take place in two different ways; <\/span><\/span><em><span dir=\"auto\" style=\"vertical-align: inherit;\"><span dir=\"auto\" style=\"vertical-align: inherit;\">the first<\/span><\/span><\/em><span dir=\"auto\" style=\"vertical-align: inherit;\"><span dir=\"auto\" style=\"vertical-align: inherit;\"> by raising the center of consciousness, the \u201cI\u201d or self, towards those levels; <\/span><\/span><em><span dir=\"auto\" style=\"vertical-align: inherit;\"><span dir=\"auto\" style=\"vertical-align: inherit;\">the second<\/span><\/span><\/em><span dir=\"auto\" style=\"vertical-align: inherit;\"><span dir=\"auto\" style=\"vertical-align: inherit;\"> by opening it to the influence of energies from the higher levels. Thus an increasing interaction takes place between the conscious &#8220;I&#8221; or self and the superconscious levels. Its highest aspect is contact with the transpersonal Self. Recall that the conscious &#8220;I&#8221; or self is a &#8220;reflection&#8221; of the Self, and thus is essentially of the same nature, however attenuated and &#8220;colored&#8221; by the contents of the middle level of personality. When through certain exercises (especially that of disidentification) one succeeds in eliminating those contents, the conscious &#8220;I&#8221; or self tends to rise back towards its origin. <\/span><\/span><a id=\"_ftnref5\" href=\"#_ftn5\"><span dir=\"auto\" style=\"vertical-align: inherit;\"><span dir=\"auto\" style=\"vertical-align: inherit;\">[5]<\/span><\/span><\/a><\/li>\n<\/ol>\n\n\n\n<p class=\"wp-block-paragraph\"><span dir=\"auto\" style=\"vertical-align: inherit;\"><span dir=\"auto\" style=\"vertical-align: inherit;\">The differences between these three directions of consciousness expansion are often not recognized and there is still much confusion about them. Today I will limit myself to this suggestion about the three directions, but in the future I will mainly talk about the upward direction, the relationship with the transpersonal levels, with the superconscious, and especially about the receptive mode; that is, the descent \u2014 which is sometimes a real irruption \u2014 of the superconscious contents at the level where the conscious &#8220;I&#8221; or self is ordinarily found. <\/span><\/span><a id=\"_ftnref6\" href=\"#_ftn6\"><span dir=\"auto\" style=\"vertical-align: inherit;\"><span dir=\"auto\" style=\"vertical-align: inherit;\">[6]<\/span><\/span><\/a><\/p>\n\n\n\n<p class=\"wp-block-paragraph\"><span dir=\"auto\" style=\"vertical-align: inherit;\"><span dir=\"auto\" style=\"vertical-align: inherit;\">This descent can take place in two ways: <\/span><\/span><em><span dir=\"auto\" style=\"vertical-align: inherit;\"><span dir=\"auto\" style=\"vertical-align: inherit;\">spontaneous or provoked<\/span><\/span><\/em><span dir=\"auto\" style=\"vertical-align: inherit;\"><span dir=\"auto\" style=\"vertical-align: inherit;\"> . The best known type of the spontaneous one is <\/span><\/span><em><span dir=\"auto\" style=\"vertical-align: inherit;\"><span dir=\"auto\" style=\"vertical-align: inherit;\">inspiration<\/span><\/span><\/em><span dir=\"auto\" style=\"vertical-align: inherit;\"><span dir=\"auto\" style=\"vertical-align: inherit;\"> . I discussed this extensively in the lecture given here in 1969 on \u201cArtistic Creation and the Superconscious.\u201d Superconscious contents may enter consciousness in very different degrees: they may be almost formless, in a raw state, or partially elaborated; or in other cases already well structured, in final or nearly final form. This often happens in musical inspiration: a typical example is Mozart, whose compositions came to his consciousness complete, needing no elaboration. When, on the other hand, the material arrives in its raw state, it is often expressed verbally in a strange style that does not respect rules of syntax or grammar: a typical example of this is surrealist literature. But this literature comes from different levels of the unconscious, including the lower one.<\/span><\/span><\/p>\n\n\n\n<p class=\"wp-block-paragraph\"><span dir=\"auto\" style=\"vertical-align: inherit;\"><span dir=\"auto\" style=\"vertical-align: inherit;\">The simplest mode of descent from the superconscious occurs in the form of <\/span><\/span><em><span dir=\"auto\" style=\"vertical-align: inherit;\"><span dir=\"auto\" style=\"vertical-align: inherit;\">intuition<\/span><\/span><\/em><span dir=\"auto\" style=\"vertical-align: inherit;\"><span dir=\"auto\" style=\"vertical-align: inherit;\"> . It can be compared to a flash of light that illuminates the waking consciousness, momentarily or for a longer or shorter time. Insights can be received in all fields, including the philosophical and scientific. I will quote a beautiful expression by Einstein about intuition. He says, &#8220;Inductive physics asks questions, which deductive physics cannot answer. Only intuition, similar to the relationship established between lovers, is capable of enabling knowledge beyond all logical value.&#8221;<\/span><\/span><\/p>\n\n\n\n<p class=\"wp-block-paragraph\"><span dir=\"auto\" style=\"vertical-align: inherit;\"><span dir=\"auto\" style=\"vertical-align: inherit;\">But in general, great artists, writers and poets then worked on the material that surfaced or descended in their consciousness, consciously processing it. A typical example is that of Dante. Responding to Bonagiunta, he made it clear that he was inspired:<\/span><\/span><\/p>\n\n\n\n<p class=\"wp-block-paragraph\"><span dir=\"auto\" style=\"vertical-align: inherit;\"><span dir=\"auto\" style=\"vertical-align: inherit;\">And I: \u201cWhen Love inspires me with delight,<\/span><\/span><\/p>\n\n\n\n<p class=\"wp-block-paragraph\"><span dir=\"auto\" style=\"vertical-align: inherit;\"><span dir=\"auto\" style=\"vertical-align: inherit;\">or pain, or longing, I take careful note<\/span><\/span><\/p>\n\n\n\n<p class=\"wp-block-paragraph\"><span dir=\"auto\" style=\"vertical-align: inherit;\"><span dir=\"auto\" style=\"vertical-align: inherit;\">and as he dictates in my soul, I write. <\/span><\/span><a id=\"_ftnref7\" href=\"#_ftn7\"><span dir=\"auto\" style=\"vertical-align: inherit;\"><span dir=\"auto\" style=\"vertical-align: inherit;\">[7]<\/span><\/span><\/a><\/p>\n\n\n\n<p class=\"wp-block-paragraph\"><span dir=\"auto\" style=\"vertical-align: inherit;\"><span dir=\"auto\" style=\"vertical-align: inherit;\">His appeals to the Muses in the Divine Comedy are actually symbolic appeals to the superconscious and the spiritual Self. However, afterwards, he consciously constrained this inspired material within a set format, the rhymed tercets of the Divine Comedy, and the number of cantos in each of the three canticles. He makes this clear at the end of Purgatorio:<\/span><\/span><\/p>\n\n\n\n<p class=\"wp-block-paragraph\"><span dir=\"auto\" style=\"vertical-align: inherit;\"><span dir=\"auto\" style=\"vertical-align: inherit;\">Reader, had I the space to write at will,<\/span><\/span><\/p>\n\n\n\n<p class=\"wp-block-paragraph\"><span dir=\"auto\" style=\"vertical-align: inherit;\"><span dir=\"auto\" style=\"vertical-align: inherit;\">I should, if only briefly, sing a praise<\/span><\/span><\/p>\n\n\n\n<p class=\"wp-block-paragraph\"><span dir=\"auto\" style=\"vertical-align: inherit;\"><span dir=\"auto\" style=\"vertical-align: inherit;\">of that sweet draught. Would I were drinking still!<\/span><\/span><\/p>\n\n\n\n<p class=\"wp-block-paragraph\"><span dir=\"auto\" style=\"vertical-align: inherit;\"><span dir=\"auto\" style=\"vertical-align: inherit;\">But I have filled all the pages planned<\/span><\/span><\/p>\n\n\n\n<p class=\"wp-block-paragraph\"><span dir=\"auto\" style=\"vertical-align: inherit;\"><span dir=\"auto\" style=\"vertical-align: inherit;\">for this, my second, canticle, and Art<\/span><\/span><\/p>\n\n\n\n<p class=\"wp-block-paragraph\"><span dir=\"auto\" style=\"vertical-align: inherit;\"><span dir=\"auto\" style=\"vertical-align: inherit;\">pulls at its iron bit with iron hand. <\/span><\/span><a id=\"_ftnref8\" href=\"#_ftn8\"><span dir=\"auto\" style=\"vertical-align: inherit;\"><span dir=\"auto\" style=\"vertical-align: inherit;\">[8]<\/span><\/span><\/a><\/p>\n\n\n\n<p class=\"wp-block-paragraph\"><span dir=\"auto\" style=\"vertical-align: inherit;\"><span dir=\"auto\" style=\"vertical-align: inherit;\">There are various methods to actively promote or foster the descent of transpersonal elements into waking consciousness.<\/span><\/span><\/p>\n\n\n\n<p class=\"wp-block-paragraph\"><span dir=\"auto\" style=\"vertical-align: inherit;\"><span dir=\"auto\" style=\"vertical-align: inherit;\">One of the simplest, but which is very effective, is <\/span><\/span><em><span dir=\"auto\" style=\"vertical-align: inherit;\"><span dir=\"auto\" style=\"vertical-align: inherit;\">free drawing<\/span><\/span><\/em><span dir=\"auto\" style=\"vertical-align: inherit;\"><span dir=\"auto\" style=\"vertical-align: inherit;\"> . The unconscious expresses itself mainly through symbols, and drawing is a direct method of representing these symbols. Recall that the earliest writing was ideographic, by means of concrete images. (These are still found in the ideograms of Chinese writing). The alphabet could be called a kind of shorthand, of simplifying ideograms into letters. Free drawing often gives surprising results, real &#8220;messages&#8221; from the superconscious. A proof of their origin is the fact that not infrequently the waking consciousness of the sketcher does not understand their meaning. It takes an expert in these psychological processes to interpret them and reveal it to the subject, and generally the subject [then] recognizes the rightness of the interpretation; he realizes that it is so but on his own he would not have arrived at it.<\/span><\/span><\/p>\n\n\n\n<p class=\"wp-block-paragraph\"><span dir=\"auto\" style=\"vertical-align: inherit;\"><span dir=\"auto\" style=\"vertical-align: inherit;\">Another method is <\/span><\/span><em><span dir=\"auto\" style=\"vertical-align: inherit;\"><span dir=\"auto\" style=\"vertical-align: inherit;\">writing<\/span><\/span><\/em><span dir=\"auto\" style=\"vertical-align: inherit;\"><span dir=\"auto\" style=\"vertical-align: inherit;\"> . This seems a simple, obvious thing, presenting no great problems, but in fact it is a varied and complex psychological process. Many times it happens that one begins to write something one had already thought of; but then gradually new ideas come: the thread, the current of thought takes unexpected directions, and something comes out that amazes the writer. It can be said that in such cases the unconscious &#8220;takes over&#8221; and itself begins to write! A very conscious writer and psychologist, Herman Keyserling, describes this fact thus, &#8220;I generally do not write because I know, but for the purpose of learning, elevating subconscious knowledge into the field of conscious vision.&#8221;<\/span><\/span><\/p>\n\n\n\n<p class=\"wp-block-paragraph\"><span dir=\"auto\" style=\"vertical-align: inherit;\"><span dir=\"auto\" style=\"vertical-align: inherit;\">Here, however, a warning, a caution, is needed. One can shift from various degrees of this sort of collaboration, between the conscious and the unconscious, to a state of &#8220;automatic&#8221; writing, in which the conscious self participates only minimally or not at all, falling into a state of trance or hypnosis, while the hand writes. This has drawbacks, even real dangers: it is opening a door, and one does not know what may enter. A large amount of material has been obtained by automatic writing, and their value is very diverse. There are some that have literary value, long novels. There are, sometimes, elevated instructions of a spiritual character or useful warnings; but in most cases the quality of automatic writings is poor: it is clearly the lower unconscious that &#8220;takes over.&#8221;<\/span><\/span><\/p>\n\n\n\n<p class=\"wp-block-paragraph\"><span dir=\"auto\" style=\"vertical-align: inherit;\"><span dir=\"auto\" style=\"vertical-align: inherit;\">Here the question arises whether the origin of these manifestations cannot also be extra-personal; that is, coming from sources or centers other than the personality of the writer. This is a very obscure and complex field, which I cannot deal with on this occasion. I will only say that the existence of sources other than the unconscious cannot be ruled out, partly because of the fact that the personal unconscious at all levels is in continuous interaction with the collective unconscious (by what I would call \u201cpsycho-osmosis\u201d). So it is very difficult to say whether this is something strictly individual or whether certain influences come from the collective unconscious. Again, this happens at all levels: from the lowest to the highest. Therefore, great caution must be exercised. In any case, the provenance, the origin of the messages, has nothing to do with their intrinsic value.<\/span><\/span><\/p>\n\n\n\n<p class=\"wp-block-paragraph\"><span dir=\"auto\" style=\"vertical-align: inherit;\"><span dir=\"auto\" style=\"vertical-align: inherit;\">The other mode of higher transcendence is that of active exploration of the superconscious levels; that is, voluntary <\/span><\/span><em><span dir=\"auto\" style=\"vertical-align: inherit;\"><span dir=\"auto\" style=\"vertical-align: inherit;\">elevation<\/span><\/span><\/em><span dir=\"auto\" style=\"vertical-align: inherit;\"><span dir=\"auto\" style=\"vertical-align: inherit;\"> of the conscious &#8220;I&#8221; or self to ever higher levels. There are various methods of encouraging or producing these elevations of consciousness: prayer, meditation, and various special exercises. I will only say that in all the various modes and stages of consciousness elevation, the <\/span><\/span><em><span dir=\"auto\" style=\"vertical-align: inherit;\"><span dir=\"auto\" style=\"vertical-align: inherit;\">use of the will<\/span><\/span><\/em><span dir=\"auto\" style=\"vertical-align: inherit;\"><span dir=\"auto\" style=\"vertical-align: inherit;\"> is necessary. The will is needed to remove obstacles; to maintain the state of receptivity; it is needed as a propellant for ever higher elevation and to stabilize consciousness at higher levels; and finally to direct and use the energies released.<\/span><\/span><\/p>\n\n\n\n<p class=\"wp-block-paragraph\"><span dir=\"auto\" style=\"vertical-align: inherit;\"><span dir=\"auto\" style=\"vertical-align: inherit;\">Among the specific exercises are those of Raja Yoga. The ascent is aided by the use of <\/span><\/span><em><span dir=\"auto\" style=\"vertical-align: inherit;\"><span dir=\"auto\" style=\"vertical-align: inherit;\">anagogic<\/span><\/span><\/em><span dir=\"auto\" style=\"vertical-align: inherit;\"><span dir=\"auto\" style=\"vertical-align: inherit;\"> symbols; eg, that of internal mountaineering. An easy and very productive method is that of <\/span><\/span><em><span dir=\"auto\" style=\"vertical-align: inherit;\"><span dir=\"auto\" style=\"vertical-align: inherit;\">\u201cguided imagery<\/span><\/span><\/em><span dir=\"auto\" style=\"vertical-align: inherit;\"><span dir=\"auto\" style=\"vertical-align: inherit;\"> .\u201d By this expression, I mean to speak of Desoille&#8217;s <\/span><\/span><em><span dir=\"auto\" style=\"vertical-align: inherit;\"><span dir=\"auto\" style=\"vertical-align: inherit;\">\u201cr\u00eave \u00e9veill\u00e9<\/span><\/span><\/em><span dir=\"auto\" style=\"vertical-align: inherit;\"><span dir=\"auto\" style=\"vertical-align: inherit;\"> \u201d <\/span><\/span><a id=\"_ftnref9\" href=\"#_ftn9\"><span dir=\"auto\" style=\"vertical-align: inherit;\"><span dir=\"auto\" style=\"vertical-align: inherit;\">[9]<\/span><\/span><\/a><span dir=\"auto\" style=\"vertical-align: inherit;\"><span dir=\"auto\" style=\"vertical-align: inherit;\"> and its various developments and modifications, such as Leuner&#8217;s \u201cGuided Affective Imagery\u201d (GAI); <\/span><\/span><a id=\"_ftnref10\" href=\"#_ftn10\"><span dir=\"auto\" style=\"vertical-align: inherit;\"><span dir=\"auto\" style=\"vertical-align: inherit;\">[10]<\/span><\/span><\/a><span dir=\"auto\" style=\"vertical-align: inherit;\"><span dir=\"auto\" style=\"vertical-align: inherit;\"> the various forms of <\/span><\/span><em><span dir=\"auto\" style=\"vertical-align: inherit;\"><span dir=\"auto\" style=\"vertical-align: inherit;\">onirotherapy<\/span><\/span><\/em><span dir=\"auto\" style=\"vertical-align: inherit;\"><span dir=\"auto\" style=\"vertical-align: inherit;\"> described by Virel and Fr\u00e9tigny; <\/span><\/span><a id=\"_ftnref11\" href=\"#_ftn11\"><span dir=\"auto\" style=\"vertical-align: inherit;\"><span dir=\"auto\" style=\"vertical-align: inherit;\">[11]<\/span><\/span><\/a><span dir=\"auto\" style=\"vertical-align: inherit;\"><span dir=\"auto\" style=\"vertical-align: inherit;\"> those used by Robert Gerard; <\/span><\/span><a id=\"_ftnref12\" href=\"#_ftn12\"><span dir=\"auto\" style=\"vertical-align: inherit;\"><span dir=\"auto\" style=\"vertical-align: inherit;\">[12]<\/span><\/span><\/a><span dir=\"auto\" style=\"vertical-align: inherit;\"><span dir=\"auto\" style=\"vertical-align: inherit;\"> etc. Through guided imagery, rich symbolic material often emerges, and this can produce great expansions of consciousness in subjects when the material is well interpreted by those leading the exercise. Giorgio Fresia will talk about this method in the next lecture [at this Institute] to be given on Feb. 26.<\/span><\/span><\/p>\n\n\n\n<p class=\"wp-block-paragraph\"><span dir=\"auto\" style=\"vertical-align: inherit;\"><span dir=\"auto\" style=\"vertical-align: inherit;\">One of the most important themes is that of the <\/span><\/span><em><span dir=\"auto\" style=\"vertical-align: inherit;\"><span dir=\"auto\" style=\"vertical-align: inherit;\">elimination of obstacles<\/span><\/span><\/em><span dir=\"auto\" style=\"vertical-align: inherit;\"><span dir=\"auto\" style=\"vertical-align: inherit;\"> . These can be likened to &#8220;weights&#8221; or to ballast that prevent the ascent of consciousness; or to &#8220;ropes,&#8221; symbolic of attachments to the ordinary contents of the personality that hinder ascent. <\/span><\/span><a id=\"_ftnref13\" href=\"#_ftn13\"><span dir=\"auto\" style=\"vertical-align: inherit;\"><span dir=\"auto\" style=\"vertical-align: inherit;\">[13]<\/span><\/span><\/a><span dir=\"auto\" style=\"vertical-align: inherit;\"><span dir=\"auto\" style=\"vertical-align: inherit;\"> Such obstacles may be physical in nature; or emotional; imaginative; mental; &#8220;volitional;&#8221; or environmental.<\/span><\/span><\/p>\n\n\n\n<p class=\"wp-block-paragraph\"><span dir=\"auto\" style=\"vertical-align: inherit;\"><span dir=\"auto\" style=\"vertical-align: inherit;\">Especially important are obstacles of a <\/span><\/span><em><span dir=\"auto\" style=\"vertical-align: inherit;\"><span dir=\"auto\" style=\"vertical-align: inherit;\">voluntary<\/span><\/span><\/em><span dir=\"auto\" style=\"vertical-align: inherit;\"><span dir=\"auto\" style=\"vertical-align: inherit;\"> nature. Often, the conscious &#8220;I&#8221; or self <\/span><\/span><em><span dir=\"auto\" style=\"vertical-align: inherit;\"><span dir=\"auto\" style=\"vertical-align: inherit;\">does not want<\/span><\/span><\/em><span dir=\"auto\" style=\"vertical-align: inherit;\"><span dir=\"auto\" style=\"vertical-align: inherit;\"> to launch itself upward; it resists. It is afraid of the unknown, of the heights it has glimpsed. This has been felicitously called <\/span><\/span><em><span dir=\"auto\" style=\"vertical-align: inherit;\"><span dir=\"auto\" style=\"vertical-align: inherit;\">&#8220;<\/span><\/span><\/em><span dir=\"auto\" style=\"vertical-align: inherit;\"><span dir=\"auto\" style=\"vertical-align: inherit;\"> The Repression of the Sublime&#8221; by Dr. Frank Haronian and is described by him in an article with this title. <\/span><\/span><a id=\"_ftnref14\" href=\"#_ftn14\"><span dir=\"auto\" style=\"vertical-align: inherit;\"><span dir=\"auto\" style=\"vertical-align: inherit;\">[14]<\/span><\/span><\/a><span dir=\"auto\" style=\"vertical-align: inherit;\"><span dir=\"auto\" style=\"vertical-align: inherit;\"> Not infrequently this reaction may be due to the feeling that certain spiritual realizations are too challenging, and present demands which the egoistic, self-centered \u201cI\u201d or self avoids. Thus a real struggle takes place between the personal &#8220;I&#8221; or self and the spiritual Self. This has been effectively described by various mystics, and in particularly dramatic ways by St. Paul and St. Augustine.<\/span><\/span><\/p>\n\n\n\n<p class=\"wp-block-paragraph\"><span dir=\"auto\" style=\"vertical-align: inherit;\"><span dir=\"auto\" style=\"vertical-align: inherit;\">Very often there are strong obstacles due to the <\/span><\/span><em><span dir=\"auto\" style=\"vertical-align: inherit;\"><span dir=\"auto\" style=\"vertical-align: inherit;\">environment \u2014<\/span><\/span><\/em><span dir=\"auto\" style=\"vertical-align: inherit;\"><span dir=\"auto\" style=\"vertical-align: inherit;\"> both the most direct environment, consisting of the family, and the social and general environment. We are immersed in a heavy and dense, agitated, oppressive psychic atmosphere, which can be called a real psychic <\/span><\/span><em><span dir=\"auto\" style=\"vertical-align: inherit;\"><span dir=\"auto\" style=\"vertical-align: inherit;\">smog<\/span><\/span><\/em><span dir=\"auto\" style=\"vertical-align: inherit;\"><span dir=\"auto\" style=\"vertical-align: inherit;\"> . One should not make excuses for this fact, however. There is a tendency in many to place <\/span><\/span><em><span dir=\"auto\" style=\"vertical-align: inherit;\"><span dir=\"auto\" style=\"vertical-align: inherit;\">all<\/span><\/span><\/em><span dir=\"auto\" style=\"vertical-align: inherit;\"><span dir=\"auto\" style=\"vertical-align: inherit;\"> the blame on social structures, on the present materialistic way of life, and to say that it makes spiritual realization impossible. But this is not right. One <\/span><\/span><em><span dir=\"auto\" style=\"vertical-align: inherit;\"><span dir=\"auto\" style=\"vertical-align: inherit;\">can<\/span><\/span><\/em><span dir=\"auto\" style=\"vertical-align: inherit;\"><span dir=\"auto\" style=\"vertical-align: inherit;\"> rise above these obstacles. Here above all the irreplaceable function of the will is revealed. It is necessary not to blame external influences entirely \u2014 but to resist them and, rather than fighting them directly, to protect oneself and <\/span><\/span><em><span dir=\"auto\" style=\"vertical-align: inherit;\"><span dir=\"auto\" style=\"vertical-align: inherit;\">rise<\/span><\/span><\/em><span dir=\"auto\" style=\"vertical-align: inherit;\"><span dir=\"auto\" style=\"vertical-align: inherit;\"> .<\/span><\/span><\/p>\n\n\n\n<p class=\"wp-block-paragraph\"><span dir=\"auto\" style=\"vertical-align: inherit;\"><span dir=\"auto\" style=\"vertical-align: inherit;\">The ways to expand consciousness upwards are very different according to various psychological types and individual constitutions. Seven main ways can be pointed out. <\/span><\/span><a id=\"_ftnref15\" href=\"#_ftn15\"><span dir=\"auto\" style=\"vertical-align: inherit;\"><span dir=\"auto\" style=\"vertical-align: inherit;\">[15]<\/span><\/span><\/a><span dir=\"auto\" style=\"vertical-align: inherit;\"><span dir=\"auto\" style=\"vertical-align: inherit;\"> I will say at the outset that these ways are not separate, and in fact often overlap to some extent, and that an individual may follow more than one of these ways at the same time. But the fact remains that they are different from each other, and that, at first, for the sake of clarity, one must describe and get to know them separately, and only then moving on to their possible combinations.<\/span><\/span><\/p>\n\n\n\n<p class=\"wp-block-paragraph\"><span dir=\"auto\" style=\"vertical-align: inherit;\"><span dir=\"auto\" style=\"vertical-align: inherit;\">They are:<\/span><\/span><\/p>\n\n\n\n<ol style=\"list-style-type:1\" class=\"wp-block-list\">\n<li><span dir=\"auto\" style=\"vertical-align: inherit;\"><span dir=\"auto\" style=\"vertical-align: inherit;\">The Scientific Way<\/span><\/span><\/li>\n\n\n\n<li><span dir=\"auto\" style=\"vertical-align: inherit;\"><span dir=\"auto\" style=\"vertical-align: inherit;\">The Illuminating Way<\/span><\/span><\/li>\n\n\n\n<li><span dir=\"auto\" style=\"vertical-align: inherit;\"><span dir=\"auto\" style=\"vertical-align: inherit;\">The Ethical-Regenerative Way<\/span><\/span><\/li>\n\n\n\n<li><span dir=\"auto\" style=\"vertical-align: inherit;\"><span dir=\"auto\" style=\"vertical-align: inherit;\">The Aesthetic Way<\/span><\/span><\/li>\n\n\n\n<li><span dir=\"auto\" style=\"vertical-align: inherit;\"><span dir=\"auto\" style=\"vertical-align: inherit;\">The Mystical Way<\/span><\/span><\/li>\n\n\n\n<li><span dir=\"auto\" style=\"vertical-align: inherit;\"><span dir=\"auto\" style=\"vertical-align: inherit;\">The Heroic Way<\/span><\/span><\/li>\n\n\n\n<li><span dir=\"auto\" style=\"vertical-align: inherit;\"><span dir=\"auto\" style=\"vertical-align: inherit;\">The Ritual Way<\/span><\/span><\/li>\n<\/ol>\n\n\n\n<p class=\"wp-block-paragraph\"><span dir=\"auto\" style=\"vertical-align: inherit;\"><span dir=\"auto\" style=\"vertical-align: inherit;\">(A brief exposition of the Scientific Way is attached to this article as an appendix).<\/span><\/span><\/p>\n\n\n\n<p class=\"wp-block-paragraph\"><span dir=\"auto\" style=\"vertical-align: inherit;\"><span dir=\"auto\" style=\"vertical-align: inherit;\">Let us now consider the <\/span><\/span><em><span dir=\"auto\" style=\"vertical-align: inherit;\"><span dir=\"auto\" style=\"vertical-align: inherit;\">effects<\/span><\/span><\/em><span dir=\"auto\" style=\"vertical-align: inherit;\"><span dir=\"auto\" style=\"vertical-align: inherit;\"> that expansions of consciousness have on personality. It is good to keep in mind that these effects can be harmful, and that this is also true of upward expansions of consciousness. In fact, the sometimes sudden and even violent irruptions of the contents of the unconscious into an inadequately prepared and grounded consciousness can produce exaltations: the personality feels filled with new powers, and becomes aware of the higher potentials inherent in the superconscious and the Self. The realization of a Self essentially of the same nature as the Supreme Reality, something divine, can give a sense of exaltation to the personality, which deludes itself into thinking that <\/span><\/span><em><span dir=\"auto\" style=\"vertical-align: inherit;\"><span dir=\"auto\" style=\"vertical-align: inherit;\">it is itself<\/span><\/span><\/em><span dir=\"auto\" style=\"vertical-align: inherit;\"><span dir=\"auto\" style=\"vertical-align: inherit;\"> already on the higher level \u2014 before the necessary long process of transmutation and regeneration, which it has perceived, of which it has become aware in the monument of enlightenment. An extreme expression of this exaltation is the statement, \u201cI am God.\u201d Such a fundamental delusion and error can be regarded as a confusion between what is <\/span><\/span><em><span dir=\"auto\" style=\"vertical-align: inherit;\"><span dir=\"auto\" style=\"vertical-align: inherit;\">potential<\/span><\/span><\/em><span dir=\"auto\" style=\"vertical-align: inherit;\"><span dir=\"auto\" style=\"vertical-align: inherit;\"> and what is <\/span><\/span><em><span dir=\"auto\" style=\"vertical-align: inherit;\"><span dir=\"auto\" style=\"vertical-align: inherit;\">actual<\/span><\/span><\/em><span dir=\"auto\" style=\"vertical-align: inherit;\"><span dir=\"auto\" style=\"vertical-align: inherit;\"> . It would be as if an acorn, having the intuition of what it will be able to become \u2014 that is, a great oak tree \u2014 were to say, \u201cI <\/span><\/span><em><span dir=\"auto\" style=\"vertical-align: inherit;\"><span dir=\"auto\" style=\"vertical-align: inherit;\">am<\/span><\/span><\/em><span dir=\"auto\" style=\"vertical-align: inherit;\"><span dir=\"auto\" style=\"vertical-align: inherit;\"> an oak tree.\u201d Potentially, it has in itself all that is necessary to become one, but presently it is not, for the whole long process of sprouting, developing, and assimilating elements from the earth, water, air and sun is needed. So it is with the human being who, having had a vivid awareness of what he may become, of what is <\/span><\/span><em><span dir=\"auto\" style=\"vertical-align: inherit;\"><span dir=\"auto\" style=\"vertical-align: inherit;\">latent<\/span><\/span><\/em><span dir=\"auto\" style=\"vertical-align: inherit;\"><span dir=\"auto\" style=\"vertical-align: inherit;\"> in him, must then \u2014 returning, as is inevitable, to the level of ordinary consciousness \u2014 realize the whole long, complex and even painful work of moving from the potential to the actual, and putting those potentials into operation. Other negative effects are excessive nervous and psychic tension produced by the bursting energies and the conflicts that arise between the middle and lower contents, both conscious and unconscious, and the new energies.<\/span><\/span><\/p>\n\n\n\n<p class=\"wp-block-paragraph\"><span dir=\"auto\" style=\"vertical-align: inherit;\"><span dir=\"auto\" style=\"vertical-align: inherit;\">But more important are the positive effects that expansions of consciousness in the higher direction generally have. These can be divided into temporary effects and more or less lasting effects. The temporary effects are what taken together may be called &#8220;ecstatic states:&#8221; vivid illuminations, communions with the larger Reality, contemplation of what exists in the higher worlds; horizontal expansions in the cosmic sense. They are accompanied by joy, by a sense of empowerment, love, inclusion, and increased understanding; they arouse impulses of dedication and consecration to the higher Reality or Being with which one has come in contact. From the point of view of the will there is a merging, a unification of the personal will with the transpersonal will.<\/span><\/span><\/p>\n\n\n\n<p class=\"wp-block-paragraph\"><span dir=\"auto\" style=\"vertical-align: inherit;\"><span dir=\"auto\" style=\"vertical-align: inherit;\">But these states are temporary, and not infrequently they are followed by not only a descent to the ordinary level, but also by negative states of consciousness. This is very distressing and arouses intense nostalgia for those beautiful and joyful states of consciousness. All this prompts one to try to repeat those experiences, which are appropriately and effectively called &#8220;peak experiences&#8221; by Maslow. But they are like a flight made in an airplane to the top of a mountain. The airplane cannot stop there, and it returns to the plain. However, the repetition of these flights, and the gradual broadening of waking consciousness and contact with higher contents causes the <\/span><\/span><em><span dir=\"auto\" style=\"vertical-align: inherit;\"><span dir=\"auto\" style=\"vertical-align: inherit;\">overall level<\/span><\/span><\/em><span dir=\"auto\" style=\"vertical-align: inherit;\"><span dir=\"auto\" style=\"vertical-align: inherit;\"> of the personality to gradually rise. The personality is able to remain for longer and longer periods in what a modern Indian, Dr. Asrani, who had similar experiences and described them, calls &#8220;the plateaus&#8221; \u2014 an expression taken up and developed by Maslow. <\/span><\/span><a id=\"_ftnref16\" href=\"#_ftn16\"><span dir=\"auto\" style=\"vertical-align: inherit;\"><span dir=\"auto\" style=\"vertical-align: inherit;\">[16]<\/span><\/span><\/a><\/p>\n\n\n\n<p class=\"wp-block-paragraph\"><span dir=\"auto\" style=\"vertical-align: inherit;\"><span dir=\"auto\" style=\"vertical-align: inherit;\">Then there are effects that could be called <\/span><\/span><em><span dir=\"auto\" style=\"vertical-align: inherit;\"><span dir=\"auto\" style=\"vertical-align: inherit;\">active<\/span><\/span><\/em><span dir=\"auto\" style=\"vertical-align: inherit;\"><span dir=\"auto\" style=\"vertical-align: inherit;\"> , or extroverted; they can be summed up in the word \u201ccreativity.\u201d This can be artistic, poetic, literary, or even scientific and philosophical, with the various means of expression that human beings have.<\/span><\/span><\/p>\n\n\n\n<p class=\"wp-block-paragraph\"><span dir=\"auto\" style=\"vertical-align: inherit;\"><span dir=\"auto\" style=\"vertical-align: inherit;\">Let us see, now, what the <\/span><\/span><em><span dir=\"auto\" style=\"vertical-align: inherit;\"><span dir=\"auto\" style=\"vertical-align: inherit;\">psychosynthetic tasks<\/span><\/span><\/em><span dir=\"auto\" style=\"vertical-align: inherit;\"><span dir=\"auto\" style=\"vertical-align: inherit;\"> are; that is, what the personality, the conscious &#8220;I&#8221; or self can and should do after the enlargements and expansions of consciousness. They can be thus briefly summarized:<\/span><\/span><\/p>\n\n\n\n<ol style=\"list-style-type:1\" class=\"wp-block-list\">\n<li><em><span dir=\"auto\" style=\"vertical-align: inherit;\"><span dir=\"auto\" style=\"vertical-align: inherit;\">Understanding and right interpretation<\/span><\/span><\/em><span dir=\"auto\" style=\"vertical-align: inherit;\"><span dir=\"auto\" style=\"vertical-align: inherit;\"> of what happened, thus avoiding exaltations and &#8220;inflation&#8221; of the ego, and interpreting what happened in the right way. To do this one greatly benefits from knowledge of the experiences of others, the study of the lives and writings of the &#8220;host of witnesses&#8221; who achieved the expansion of consciousness.<\/span><\/span><\/li>\n\n\n\n<li><em><span dir=\"auto\" style=\"vertical-align: inherit;\"><span dir=\"auto\" style=\"vertical-align: inherit;\">Assimilation<\/span><\/span><\/em><span dir=\"auto\" style=\"vertical-align: inherit;\"><span dir=\"auto\" style=\"vertical-align: inherit;\"> ; that is, integration into the conscious personality of the new contents that have come to enrich it, but also to complicate it. This assimilation must lead to a balancing between elements of all natures and levels: to <\/span><\/span><em><span dir=\"auto\" style=\"vertical-align: inherit;\"><span dir=\"auto\" style=\"vertical-align: inherit;\">individual psychosynthesis<\/span><\/span><\/em><span dir=\"auto\" style=\"vertical-align: inherit;\"><span dir=\"auto\" style=\"vertical-align: inherit;\"> . To achieve this integration and synthesis, and also for the utilization of the energies that have flowed in, we need:<\/span><\/span><\/li>\n<\/ol>\n\n\n\n<p class=\"wp-block-paragraph\"><span dir=\"auto\" style=\"vertical-align: inherit;\"><span dir=\"auto\" style=\"vertical-align: inherit;\">&nbsp;&nbsp; a. The <\/span><\/span><em><span dir=\"auto\" style=\"vertical-align: inherit;\"><span dir=\"auto\" style=\"vertical-align: inherit;\">disintegration<\/span><\/span><\/em><span dir=\"auto\" style=\"vertical-align: inherit;\"><span dir=\"auto\" style=\"vertical-align: inherit;\"> of the complexes, of the pre-existing formations;<\/span><\/span><\/p>\n\n\n\n<p class=\"wp-block-paragraph\"><span dir=\"auto\" style=\"vertical-align: inherit;\"><span dir=\"auto\" style=\"vertical-align: inherit;\">&nbsp;&nbsp; b. The <\/span><\/span><em><span dir=\"auto\" style=\"vertical-align: inherit;\"><span dir=\"auto\" style=\"vertical-align: inherit;\">transmutation and transformation<\/span><\/span><\/em><span dir=\"auto\" style=\"vertical-align: inherit;\"><span dir=\"auto\" style=\"vertical-align: inherit;\"> of the lower energies. A <\/span><\/span><em><span dir=\"auto\" style=\"vertical-align: inherit;\"><span dir=\"auto\" style=\"vertical-align: inherit;\">regeneration<\/span><\/span><\/em><span dir=\"auto\" style=\"vertical-align: inherit;\"><span dir=\"auto\" style=\"vertical-align: inherit;\"> of the whole personality.<\/span><\/span><\/p>\n\n\n\n<ul class=\"wp-block-list\">\n<li><span dir=\"auto\" style=\"vertical-align: inherit;\"><span dir=\"auto\" style=\"vertical-align: inherit;\">As a whole, it can be called a process of &#8220;death and <\/span><\/span><em><span dir=\"auto\" style=\"vertical-align: inherit;\"><span dir=\"auto\" style=\"vertical-align: inherit;\">resurrection<\/span><\/span><\/em><span dir=\"auto\" style=\"vertical-align: inherit;\"><span dir=\"auto\" style=\"vertical-align: inherit;\"> &#8221; which is the specific task of one of the main paths: the &#8220;Ethical-Regenerative&#8221; one.<\/span><\/span><\/li>\n<\/ul>\n\n\n\n<p class=\"wp-block-paragraph\"><span dir=\"auto\" style=\"vertical-align: inherit;\"><span dir=\"auto\" style=\"vertical-align: inherit;\">After all this, but practically also <\/span><\/span><em><span dir=\"auto\" style=\"vertical-align: inherit;\"><span dir=\"auto\" style=\"vertical-align: inherit;\">during<\/span><\/span><\/em><span dir=\"auto\" style=\"vertical-align: inherit;\"><span dir=\"auto\" style=\"vertical-align: inherit;\"> the process of assimilation and regeneration, the use, <\/span><\/span><em><span dir=\"auto\" style=\"vertical-align: inherit;\"><span dir=\"auto\" style=\"vertical-align: inherit;\">the utilization<\/span><\/span><\/em><span dir=\"auto\" style=\"vertical-align: inherit;\"><span dir=\"auto\" style=\"vertical-align: inherit;\"> of the new energies and abilities acquired through the enlargements and elevations of consciousness takes place. This utilization can take place in two ways: through <\/span><\/span><em><span dir=\"auto\" style=\"vertical-align: inherit;\"><span dir=\"auto\" style=\"vertical-align: inherit;\">internal action<\/span><\/span><\/em><span dir=\"auto\" style=\"vertical-align: inherit;\"><span dir=\"auto\" style=\"vertical-align: inherit;\"> and through <\/span><\/span><em><span dir=\"auto\" style=\"vertical-align: inherit;\"><span dir=\"auto\" style=\"vertical-align: inherit;\">external action<\/span><\/span><\/em><span dir=\"auto\" style=\"vertical-align: inherit;\"><span dir=\"auto\" style=\"vertical-align: inherit;\"> .<\/span><\/span><\/p>\n\n\n\n<p class=\"wp-block-paragraph\"><em><span dir=\"auto\" style=\"vertical-align: inherit;\"><span dir=\"auto\" style=\"vertical-align: inherit;\">Internal action<\/span><\/span><\/em><span dir=\"auto\" style=\"vertical-align: inherit;\"><span dir=\"auto\" style=\"vertical-align: inherit;\"> consists primarily of <\/span><\/span><em><span dir=\"auto\" style=\"vertical-align: inherit;\"><span dir=\"auto\" style=\"vertical-align: inherit;\">irradiation<\/span><\/span><\/em><span dir=\"auto\" style=\"vertical-align: inherit;\"><span dir=\"auto\" style=\"vertical-align: inherit;\"> . Energies emanate and radiate from the personality just as light rays are emitted from a light source and spread into the environment. This irradiation already happens spontaneously, I would say inevitably, and this explains the action that the mere presence of someone who has had transpersonal realizations has on the people with whom he comes in contact. It has been repeatedly noted and described and can be called a form of \u201cpsycho-spiritual catalysis.\u201d<\/span><\/span><\/p>\n\n\n\n<p class=\"wp-block-paragraph\"><span dir=\"auto\" style=\"vertical-align: inherit;\"><span dir=\"auto\" style=\"vertical-align: inherit;\">But there is also <\/span><\/span><em><span dir=\"auto\" style=\"vertical-align: inherit;\"><span dir=\"auto\" style=\"vertical-align: inherit;\">voluntary irradiation<\/span><\/span><\/em><span dir=\"auto\" style=\"vertical-align: inherit;\"><span dir=\"auto\" style=\"vertical-align: inherit;\"> , the deliberate action of emanations of energies, of beneficial waves. It is a form of what can be called psycho-spiritual telepathy, which consists not only of sending specific content, as much as this can be done, but above all in a general action of <\/span><\/span><em><span dir=\"auto\" style=\"vertical-align: inherit;\"><span dir=\"auto\" style=\"vertical-align: inherit;\">willing good<\/span><\/span><\/em><span dir=\"auto\" style=\"vertical-align: inherit;\"><span dir=\"auto\" style=\"vertical-align: inherit;\"> , of <\/span><\/span><em><span dir=\"auto\" style=\"vertical-align: inherit;\"><span dir=\"auto\" style=\"vertical-align: inherit;\">blessing<\/span><\/span><\/em><span dir=\"auto\" style=\"vertical-align: inherit;\"><span dir=\"auto\" style=\"vertical-align: inherit;\"> . This was, (and still is) used in the religious field, but it can also be done whatever one&#8217;s philosophical and religious beliefs. Recent studies on telepathy and telekinesis provide a scientific basis for this action.<\/span><\/span><\/p>\n\n\n\n<p class=\"wp-block-paragraph\"><span dir=\"auto\" style=\"vertical-align: inherit;\"><span dir=\"auto\" style=\"vertical-align: inherit;\">The other kind of action is the <\/span><\/span><em><span dir=\"auto\" style=\"vertical-align: inherit;\"><span dir=\"auto\" style=\"vertical-align: inherit;\">external<\/span><\/span><\/em><span dir=\"auto\" style=\"vertical-align: inherit;\"><span dir=\"auto\" style=\"vertical-align: inherit;\"> kind. Those who have had elevations of consciousness in the higher sense feel naturally, I would say irresistibly, driven to share their inner riches with others. This activity can be called \u201cservice.\u201d It can be carried out in different ways, depending on individual aptitudes and interests. The most direct one is to help others to obtain their own expansions and elevations of consciousness, and this can be carried out individually or in groups.<\/span><\/span><\/p>\n\n\n\n<p class=\"wp-block-paragraph\"><span dir=\"auto\" style=\"vertical-align: inherit;\"><span dir=\"auto\" style=\"vertical-align: inherit;\">Then there is social action: this is aimed at changing the existing [social] conditions and structures when they are inadequate and restrictive, and above all at creating new forms of social life, of education, of art, of culture: to be pioneers of a new and better civilization with planetary dimensions.<\/span><\/span><\/p>\n\n\n\n<p class=\"wp-block-paragraph\"><strong><span dir=\"auto\" style=\"vertical-align: inherit;\"><span dir=\"auto\" style=\"vertical-align: inherit;\">APPENDIX: THE SCIENTIFIC WAY <\/span><\/span><\/strong><a id=\"_ftnref17\" href=\"#_ftn17\"><span dir=\"auto\" style=\"vertical-align: inherit;\"><span dir=\"auto\" style=\"vertical-align: inherit;\">[17]<\/span><\/span><\/a><\/p>\n\n\n\n<p class=\"wp-block-paragraph\"><span dir=\"auto\" style=\"vertical-align: inherit;\"><span dir=\"auto\" style=\"vertical-align: inherit;\">At first it may come as a surprise that expansion of consciousness in a higher direction can be produced or fostered by science, since \u2014 until quite recently, and for many still \u2014 science was regarded as the study of matter, of the objective world, without reference to consciousness, and thus led to a materialistic conception of reality.<\/span><\/span><\/p>\n\n\n\n<p class=\"wp-block-paragraph\"><span dir=\"auto\" style=\"vertical-align: inherit;\"><span dir=\"auto\" style=\"vertical-align: inherit;\">But for the past few decades what can be called a real revolution has taken place, especially in the field of physics. New discoveries in physics have shown that &#8220;matter,&#8221; as we perceive it with our senses, simply <\/span><\/span><em><span dir=\"auto\" style=\"vertical-align: inherit;\"><span dir=\"auto\" style=\"vertical-align: inherit;\">does not exist<\/span><\/span><\/em><span dir=\"auto\" style=\"vertical-align: inherit;\"><span dir=\"auto\" style=\"vertical-align: inherit;\"> . Matter <\/span><\/span><em><span dir=\"auto\" style=\"vertical-align: inherit;\"><span dir=\"auto\" style=\"vertical-align: inherit;\">appears<\/span><\/span><\/em><span dir=\"auto\" style=\"vertical-align: inherit;\"><span dir=\"auto\" style=\"vertical-align: inherit;\"> to us as solid, static, inert; but this is only an illusion due to the limited tools of our senses, such as sight and touch. Physicists have shown that the so-called material atoms are actually made up of minute and powerful electrical charges, positive, negative or neutral, condensed in various centers or points and moving through space according to laws and modes based on mathematical formulas. And these imply \u2014 of necessity \u2014 an intelligent Principle or Being, a cosmic Mind, that formulated them and makes them operate.<\/span><\/span><\/p>\n\n\n\n<p class=\"wp-block-paragraph\"><span dir=\"auto\" style=\"vertical-align: inherit;\"><span dir=\"auto\" style=\"vertical-align: inherit;\">This conception was expressed clearly and effectively by Albert Einstein:<\/span><\/span><\/p>\n\n\n\n<p class=\"wp-block-paragraph\"><span dir=\"auto\" style=\"vertical-align: inherit;\"><span dir=\"auto\" style=\"vertical-align: inherit;\">the wise man, he says, &#8220;is possessed by the sense of universal causation&#8221; (ie, the law of cause and effect). . . &#8220;His religious feeling takes the form of a rapturous amazement at the harmony of natural law, which reveals an intelligence of such superiority that, compared with it, all the systematic thinking and acting of human beings is an utterly insignificant reflection ( <\/span><\/span><em><span dir=\"auto\" style=\"vertical-align: inherit;\"><span dir=\"auto\" style=\"vertical-align: inherit;\">The World As I See It<\/span><\/span><\/em><span dir=\"auto\" style=\"vertical-align: inherit;\"><span dir=\"auto\" style=\"vertical-align: inherit;\"> , p. 39).&#8221; <\/span><\/span><a id=\"_ftnref18\" href=\"#_ftn18\"><span dir=\"auto\" style=\"vertical-align: inherit;\"><span dir=\"auto\" style=\"vertical-align: inherit;\">[18]<\/span><\/span><\/a><\/p>\n\n\n\n<p class=\"wp-block-paragraph\"><span dir=\"auto\" style=\"vertical-align: inherit;\"><span dir=\"auto\" style=\"vertical-align: inherit;\">And further:<\/span><\/span><\/p>\n\n\n\n<p class=\"wp-block-paragraph\"><span dir=\"auto\" style=\"vertical-align: inherit;\"><span dir=\"auto\" style=\"vertical-align: inherit;\">&#8220;The individual feels . . . the sublimity and marvelous order which reveal themselves both in nature and in the world of thought. He looks upon individual existence as a sort of prison and wants to experience the universe as a single significant whole.&#8221;(p. 43).<\/span><\/span><\/p>\n\n\n\n<p class=\"wp-block-paragraph\"><span dir=\"auto\" style=\"vertical-align: inherit;\"><span dir=\"auto\" style=\"vertical-align: inherit;\">And finally:<\/span><\/span><\/p>\n\n\n\n<p class=\"wp-block-paragraph\"><em><span dir=\"auto\" style=\"vertical-align: inherit;\"><span dir=\"auto\" style=\"vertical-align: inherit;\">&#8220;The true value of a human being<\/span><\/span><\/em><span dir=\"auto\" style=\"vertical-align: inherit;\"><span dir=\"auto\" style=\"vertical-align: inherit;\"> is determined primarily by the measure and the sense in which he has attained liberation from the self.&#8221; (p. 47). The need for the expansion of consciousness; and transcendence from the limits of the personal self, could not be expressed more decisively and concisely.<\/span><\/span><\/p>\n\n\n\n<hr class=\"wp-block-separator has-alpha-channel-opacity\"\/>\n\n\n\n<p class=\"wp-block-paragraph\"><a id=\"_ftn1\" href=\"#_ftnref1\"><span dir=\"auto\" style=\"vertical-align: inherit;\"><span dir=\"auto\" style=\"vertical-align: inherit;\">[1]<\/span><\/span><\/a><span dir=\"auto\" style=\"vertical-align: inherit;\"><span dir=\"auto\" style=\"vertical-align: inherit;\"> Some typographical errors in the published version have been corrected for this translation by reference to the typed manuscript, and some sentences in the typed MS have been inserted here that do not appear in the published version. The typed MS has been taken here as authoritative. <\/span><\/span><em><span dir=\"auto\" style=\"vertical-align: inherit;\"><span dir=\"auto\" style=\"vertical-align: inherit;\">-Oath.<\/span><\/span><\/em><\/p>\n\n\n\n<p class=\"wp-block-paragraph\"><a id=\"_ftn2\" href=\"#_ftnref2\"><span dir=\"auto\" style=\"vertical-align: inherit;\"><span dir=\"auto\" style=\"vertical-align: inherit;\">[2]<\/span><\/span><\/a><span dir=\"auto\" style=\"vertical-align: inherit;\"><span dir=\"auto\" style=\"vertical-align: inherit;\"> Editorial interpolations are indicated by [brackets]. <\/span><\/span><em><span dir=\"auto\" style=\"vertical-align: inherit;\"><span dir=\"auto\" style=\"vertical-align: inherit;\">-Oath.<\/span><\/span><\/em><\/p>\n\n\n\n<p class=\"wp-block-paragraph\"><a id=\"_ftn3\" href=\"#_ftnref3\"><span dir=\"auto\" style=\"vertical-align: inherit;\"><span dir=\"auto\" style=\"vertical-align: inherit;\">[3]<\/span><\/span><\/a><span dir=\"auto\" style=\"vertical-align: inherit;\"><span dir=\"auto\" style=\"vertical-align: inherit;\"> It must be noted that Assagioli&#8217;s use of the term \u201cpsychoanalysis\u201d here is not limited to Freudian or neo-Freudian approaches, theories, or groups, but is a more generic term that includes practitioners of all types of analytical psychology. <\/span><\/span><em><span dir=\"auto\" style=\"vertical-align: inherit;\"><span dir=\"auto\" style=\"vertical-align: inherit;\">-Oath.<\/span><\/span><\/em><\/p>\n\n\n\n<p class=\"wp-block-paragraph\"><a id=\"_ftn4\" href=\"#_ftnref4\"><span dir=\"auto\" style=\"vertical-align: inherit;\"><span dir=\"auto\" style=\"vertical-align: inherit;\">[4]<\/span><\/span><\/a><span dir=\"auto\" style=\"vertical-align: inherit;\"><span dir=\"auto\" style=\"vertical-align: inherit;\"> This attraction to evil has been acutely described by Erich Fromm in his book <\/span><\/span><em><span dir=\"auto\" style=\"vertical-align: inherit;\"><span dir=\"auto\" style=\"vertical-align: inherit;\">The Heart of Man<\/span><\/span><\/em><span dir=\"auto\" style=\"vertical-align: inherit;\"><span dir=\"auto\" style=\"vertical-align: inherit;\"> (Roma, Carabba). Rollo May also speaks of the charm of the &#8220;demonic&#8221; in <\/span><\/span><em><span dir=\"auto\" style=\"vertical-align: inherit;\"><span dir=\"auto\" style=\"vertical-align: inherit;\">Love and Will,<\/span><\/span><\/em><span dir=\"auto\" style=\"vertical-align: inherit;\"><span dir=\"auto\" style=\"vertical-align: inherit;\"> Rome, Astrolabe), but without clearly distinguishing its different levels. <\/span><\/span><em><span dir=\"auto\" style=\"vertical-align: inherit;\"><span dir=\"auto\" style=\"vertical-align: inherit;\">\u2014Author&#8217;s Note.<\/span><\/span><\/em><\/p>\n\n\n\n<p class=\"wp-block-paragraph\"><a id=\"_ftn5\" href=\"#_ftnref5\"><span dir=\"auto\" style=\"vertical-align: inherit;\"><span dir=\"auto\" style=\"vertical-align: inherit;\">[5]<\/span><\/span><\/a><span dir=\"auto\" style=\"vertical-align: inherit;\"><span dir=\"auto\" style=\"vertical-align: inherit;\"> The various modalities and effects of transcendence, especially in the higher direction, have been very well presented by Maslow, who distinguishes 35 forms or aspects, in his article \u201cVarious Meanings of Transcendence,\u201d published in the <\/span><\/span><em><span dir=\"auto\" style=\"vertical-align: inherit;\"><span dir=\"auto\" style=\"vertical-align: inherit;\">Journal of Transpersonal Psychology<\/span><\/span><\/em><span dir=\"auto\" style=\"vertical-align: inherit;\"><span dir=\"auto\" style=\"vertical-align: inherit;\"> (Spring 1969) and reprinted in the book <\/span><\/span><em><span dir=\"auto\" style=\"vertical-align: inherit;\"><span dir=\"auto\" style=\"vertical-align: inherit;\">The Further Reaches of Human Nature<\/span><\/span><\/em><span dir=\"auto\" style=\"vertical-align: inherit;\"><span dir=\"auto\" style=\"vertical-align: inherit;\"> (Viking). <\/span><\/span><em><span dir=\"auto\" style=\"vertical-align: inherit;\"><span dir=\"auto\" style=\"vertical-align: inherit;\">\u2014Author&#8217;s Note.<\/span><\/span><\/em><\/p>\n\n\n\n<p class=\"wp-block-paragraph\"><a id=\"_ftn6\" href=\"#_ftnref6\"><span dir=\"auto\" style=\"vertical-align: inherit;\"><span dir=\"auto\" style=\"vertical-align: inherit;\">[6]<\/span><\/span><\/a><span dir=\"auto\" style=\"vertical-align: inherit;\"><span dir=\"auto\" style=\"vertical-align: inherit;\"> The French writer J. Wahl in his study on existentialism, has, with a happy play on words in French, spoken of the two types of transcendence: &#8220;trans-ascendance&#8221; and &#8220;trans-descendance.&#8221; <\/span><\/span><em><span dir=\"auto\" style=\"vertical-align: inherit;\"><span dir=\"auto\" style=\"vertical-align: inherit;\">\u2014Author&#8217;s Note.<\/span><\/span><\/em><\/p>\n\n\n\n<p class=\"wp-block-paragraph\"><a id=\"_ftn7\" href=\"#_ftnref7\"><span dir=\"auto\" style=\"vertical-align: inherit;\"><span dir=\"auto\" style=\"vertical-align: inherit;\">[7]<\/span><\/span><\/a><span dir=\"auto\" style=\"vertical-align: inherit;\"><span dir=\"auto\" style=\"vertical-align: inherit;\"> Dante, (Purgatorio, XXIV, 52-54), English translation by John Ciardi. <\/span><\/span><em><span dir=\"auto\" style=\"vertical-align: inherit;\"><span dir=\"auto\" style=\"vertical-align: inherit;\">\u2014 Tr.<\/span><\/span><\/em><\/p>\n\n\n\n<p class=\"wp-block-paragraph\"><a id=\"_ftn8\" href=\"#_ftnref8\"><span dir=\"auto\" style=\"vertical-align: inherit;\"><span dir=\"auto\" style=\"vertical-align: inherit;\">[8]<\/span><\/span><\/a><span dir=\"auto\" style=\"vertical-align: inherit;\"><span dir=\"auto\" style=\"vertical-align: inherit;\"> Ibid.. XXXIII, 136-141. <\/span><\/span><em><span dir=\"auto\" style=\"vertical-align: inherit;\"><span dir=\"auto\" style=\"vertical-align: inherit;\">\u2014 Tr.<\/span><\/span><\/em><\/p>\n\n\n\n<p class=\"wp-block-paragraph\"><a id=\"_ftn9\" href=\"#_ftnref9\"><span dir=\"auto\" style=\"vertical-align: inherit;\"><span dir=\"auto\" style=\"vertical-align: inherit;\">[9]<\/span><\/span><\/a><span dir=\"auto\" style=\"vertical-align: inherit;\"><span dir=\"auto\" style=\"vertical-align: inherit;\"> French: \u201cwaking dream.\u201d <\/span><\/span><em><span dir=\"auto\" style=\"vertical-align: inherit;\"><span dir=\"auto\" style=\"vertical-align: inherit;\">\u2014 Tr.<\/span><\/span><\/em><\/p>\n\n\n\n<p class=\"wp-block-paragraph\"><a id=\"_ftn10\" href=\"#_ftnref10\"><span dir=\"auto\" style=\"vertical-align: inherit;\"><span dir=\"auto\" style=\"vertical-align: inherit;\">[10]<\/span><\/span><\/a><span dir=\"auto\" style=\"vertical-align: inherit;\"><span dir=\"auto\" style=\"vertical-align: inherit;\"> This is the method used to apply Initiated Symbol Projection (ISP) developed by Hanscarl Leuner of the University of Gottingen. Discussion of these techniques is found in the appendix of Assagioli&#8217;s book <\/span><\/span><em><span dir=\"auto\" style=\"vertical-align: inherit;\"><span dir=\"auto\" style=\"vertical-align: inherit;\">Psychosynthesis: A Collection of Basic Writings,<\/span><\/span><\/em><span dir=\"auto\" style=\"vertical-align: inherit;\"><span dir=\"auto\" style=\"vertical-align: inherit;\"> The Synthesis Center 2000. The topic was also addressed in the second meeting of <\/span><\/span><em><span dir=\"auto\" style=\"vertical-align: inherit;\"><span dir=\"auto\" style=\"vertical-align: inherit;\">Psychosynthesis Seminars, 1965-66 Series,<\/span><\/span><\/em><span dir=\"auto\" style=\"vertical-align: inherit;\"><span dir=\"auto\" style=\"vertical-align: inherit;\"> presented at the Psychosynthesis Research Foundation in New York. <\/span><\/span><em><span dir=\"auto\" style=\"vertical-align: inherit;\"><span dir=\"auto\" style=\"vertical-align: inherit;\">-Oath.<\/span><\/span><\/em><\/p>\n\n\n\n<p class=\"wp-block-paragraph\"><a id=\"_ftn11\" href=\"#_ftnref11\"><span dir=\"auto\" style=\"vertical-align: inherit;\"><span dir=\"auto\" style=\"vertical-align: inherit;\">[11] <\/span><\/span><\/a> <em><span dir=\"auto\" style=\"vertical-align: inherit;\"><span dir=\"auto\" style=\"vertical-align: inherit;\">Onirotherapy<\/span><\/span><\/em><span dir=\"auto\" style=\"vertical-align: inherit;\"><span dir=\"auto\" style=\"vertical-align: inherit;\"> is a term used in psychiatry that was invented by Roger Fr\u00e9tigny, psychiatrist, and Andr\u00e9 Virel, doctor of psychology. It is the use of dream thinking for a therapeutic purpose. This term refers to all the techniques implemented by Roger Fr\u00e9tigny and Andr\u00e9 Virel after 1945. <\/span><\/span><em><span dir=\"auto\" style=\"vertical-align: inherit;\"><span dir=\"auto\" style=\"vertical-align: inherit;\">\u2014Ed.<\/span><\/span><\/em><\/p>\n\n\n\n<p class=\"wp-block-paragraph\"><a id=\"_ftn12\" href=\"#_ftnref12\"><span dir=\"auto\" style=\"vertical-align: inherit;\"><span dir=\"auto\" style=\"vertical-align: inherit;\">[12]<\/span><\/span><\/a><span dir=\"auto\" style=\"vertical-align: inherit;\"><span dir=\"auto\" style=\"vertical-align: inherit;\"> Robert Gerard, PhD, was a psychologist associated with psychosynthesis in the United States, who assisted Assagioli in the preparation of his first book, <\/span><\/span><em><span dir=\"auto\" style=\"vertical-align: inherit;\"><span dir=\"auto\" style=\"vertical-align: inherit;\">Psychosynthesis.<\/span><\/span><\/em><span dir=\"auto\" style=\"vertical-align: inherit;\"><span dir=\"auto\" style=\"vertical-align: inherit;\"> He presented a paper titled &#8220;Symbolic Visualization &#8211; A Method of Psychosynthesis&#8221; at the Fifth International Conference for Psychotherapy in Vienna in 1961 and a paper titled &#8220;Symbolic Apperception and Integral Psychology&#8221; at the Ninth Conference in Oslo in 1973. <\/span><\/span><em><span dir=\"auto\" style=\"vertical-align: inherit;\"><span dir=\"auto\" style=\"vertical-align: inherit;\">\u2014Ed.<\/span><\/span><\/em><\/p>\n\n\n\n<p class=\"wp-block-paragraph\"><a id=\"_ftn13\" href=\"#_ftnref13\"><span dir=\"auto\" style=\"vertical-align: inherit;\"><span dir=\"auto\" style=\"vertical-align: inherit;\">[13]<\/span><\/span><\/a><span dir=\"auto\" style=\"vertical-align: inherit;\"><span dir=\"auto\" style=\"vertical-align: inherit;\"> The imagery here is evocative of regulation of ascent and descent in a hot-air balloon. <\/span><\/span><em><span dir=\"auto\" style=\"vertical-align: inherit;\"><span dir=\"auto\" style=\"vertical-align: inherit;\">-Oath.<\/span><\/span><\/em><\/p>\n\n\n\n<p class=\"wp-block-paragraph\"><a id=\"_ftn14\" href=\"#_ftnref14\"><span dir=\"auto\" style=\"vertical-align: inherit;\"><span dir=\"auto\" style=\"vertical-align: inherit;\">[14]<\/span><\/span><\/a><span dir=\"auto\" style=\"vertical-align: inherit;\"><span dir=\"auto\" style=\"vertical-align: inherit;\"> &#8220;Repression of the Sublime&#8221; was published in 1972 by the Psychosynthesis Research Foundation, New York, as Issue No. 30 and is available online. <\/span><\/span><em><span dir=\"auto\" style=\"vertical-align: inherit;\"><span dir=\"auto\" style=\"vertical-align: inherit;\">-Oath.<\/span><\/span><\/em><\/p>\n\n\n\n<p class=\"wp-block-paragraph\"><a id=\"_ftn15\" href=\"#_ftnref15\"><span dir=\"auto\" style=\"vertical-align: inherit;\"><span dir=\"auto\" style=\"vertical-align: inherit;\">[15]<\/span><\/span><\/a><span dir=\"auto\" style=\"vertical-align: inherit;\"><span dir=\"auto\" style=\"vertical-align: inherit;\"> The seven ways enumerated on this page appear to have some connection with the psychological types mentioned earlier, and there is a correspondence between them. For reference see Assagioli&#8217;s <\/span><\/span><em><span dir=\"auto\" style=\"vertical-align: inherit;\"><span dir=\"auto\" style=\"vertical-align: inherit;\">&nbsp;Psychosynthesis Typology<\/span><\/span><\/em><span dir=\"auto\" style=\"vertical-align: inherit;\"><span dir=\"auto\" style=\"vertical-align: inherit;\"> published by the Institute of Psychosynthesis, London, and <\/span><\/span><em><span dir=\"auto\" style=\"vertical-align: inherit;\"><span dir=\"auto\" style=\"vertical-align: inherit;\">The Seven Types: Psychosynthesis Typology<\/span><\/span><\/em><span dir=\"auto\" style=\"vertical-align: inherit;\"><span dir=\"auto\" style=\"vertical-align: inherit;\"> by Kenneth S\u00f8rensen, Kentaur Publishing. <\/span><\/span><em><span dir=\"auto\" style=\"vertical-align: inherit;\"><span dir=\"auto\" style=\"vertical-align: inherit;\">-Oath.<\/span><\/span><\/em><\/p>\n\n\n\n<p class=\"wp-block-paragraph\"><a id=\"_ftn16\" href=\"#_ftnref16\"><span dir=\"auto\" style=\"vertical-align: inherit;\"><span dir=\"auto\" style=\"vertical-align: inherit;\">[16]<\/span><\/span><\/a><span dir=\"auto\" style=\"vertical-align: inherit;\"><span dir=\"auto\" style=\"vertical-align: inherit;\"> UA Asrani was an Associate Professor Emeritus at Banares Hindu University, from whom in 1967 Maslow adopted the term \u201cplateau experience,\u201d according to a previously unpublished letter. Asrani provided an academic exploration of the plateau experience from an Indian perspective, grounded mostly in yogic philosophy and Buddhism. He, like Maslow, came to the plateau experience following a dangerous and emotionally challenging situation: Asrani as a political prisoner, and Maslow as the victim of a severe heart attack. <\/span><\/span><em><span dir=\"auto\" style=\"vertical-align: inherit;\"><span dir=\"auto\" style=\"vertical-align: inherit;\">See<\/span><\/span><\/em><span dir=\"auto\" style=\"vertical-align: inherit;\"><span dir=\"auto\" style=\"vertical-align: inherit;\"> \u201cThe Plateau Experience: An Exploration of its Origins, Characteristics, and Potential\u201d by Nicole Gruel, MA <\/span><\/span><em><span dir=\"auto\" style=\"vertical-align: inherit;\"><span dir=\"auto\" style=\"vertical-align: inherit;\">in Journal of Transpersonal Psychology, 2015, Vol.47, No.1, 44-63. -Oath.<\/span><\/span><\/em><\/p>\n\n\n\n<p class=\"wp-block-paragraph\"><a id=\"_ftn17\" href=\"#_ftnref17\"><span dir=\"auto\" style=\"vertical-align: inherit;\"><span dir=\"auto\" style=\"vertical-align: inherit;\">[17]<\/span><\/span><\/a><span dir=\"auto\" style=\"vertical-align: inherit;\"><span dir=\"auto\" style=\"vertical-align: inherit;\"> This section of the essay was presented as shown in the typed manuscript in the Assagioli Archives, and was presented as a footnote (but without a specific antecedent) in the published version. <\/span><\/span><em><span dir=\"auto\" style=\"vertical-align: inherit;\"><span dir=\"auto\" style=\"vertical-align: inherit;\">-Oath.<\/span><\/span><\/em><\/p>\n\n\n\n<p class=\"wp-block-paragraph\"><a id=\"_ftn18\" href=\"#_ftnref18\"><span dir=\"auto\" style=\"vertical-align: inherit;\"><span dir=\"auto\" style=\"vertical-align: inherit;\">[18]<\/span><\/span><\/a><span dir=\"auto\" style=\"vertical-align: inherit;\"><span dir=\"auto\" style=\"vertical-align: inherit;\"> Albert Einstein (1879-1955) wrote <\/span><\/span><em><span dir=\"auto\" style=\"vertical-align: inherit;\"><span dir=\"auto\" style=\"vertical-align: inherit;\">Mein Weltbild<\/span><\/span><\/em><span dir=\"auto\" style=\"vertical-align: inherit;\"><span dir=\"auto\" style=\"vertical-align: inherit;\"> in German in 1934, and it was translated into English by Alan Harris and published as <\/span><\/span><em><span dir=\"auto\" style=\"vertical-align: inherit;\"><span dir=\"auto\" style=\"vertical-align: inherit;\">The World As I See It<\/span><\/span><\/em><span dir=\"auto\" style=\"vertical-align: inherit;\"><span dir=\"auto\" style=\"vertical-align: inherit;\"> in 1935. More recent editions are available. The text given here and following is taken from an online edition (at <\/span><\/span><a href=\"https:\/\/zlibrary.to\"><span dir=\"auto\" style=\"vertical-align: inherit;\"><span dir=\"auto\" style=\"vertical-align: inherit;\">https:\/\/zlibrary.to<\/span><\/span><\/a><span dir=\"auto\" style=\"vertical-align: inherit;\"><span dir=\"auto\" style=\"vertical-align: inherit;\"> ) of the Harris translation, but the page numbers are from the edition that Assagioli used. <\/span><\/span><em><span dir=\"auto\" style=\"vertical-align: inherit;\"><span dir=\"auto\" style=\"vertical-align: inherit;\">\u2014 Tr.<\/span><\/span><\/em><\/p>\n","protected":false},"excerpt":{"rendered":"<p>Humanity&#8217;s search for &#8216;something else&#8217; goes inward as much as outward. The expansion of consciousness, Assagioli argues, can move in three directions: downward, horizontally, or upward toward the Self. By Roberto AssagioliLecture I, 12 February 1972Published in La Cultura Nel Mondo, Anno XXVI, Maggio\u2013Agosto 1972, No. 3-4, pp. 11-20Doc. #23481, Assagioli Archive, Florence [1]Original title: [&hellip;]<\/p>\n","protected":false},"author":875,"featured_media":19155,"comment_status":"closed","ping_status":"closed","sticky":false,"template":"","format":"standard","meta":{"_genesis_hide_title":false,"_genesis_hide_breadcrumbs":false,"_genesis_hide_singular_image":false,"_genesis_hide_footer_widgets":false,"_genesis_custom_body_class":"","_genesis_custom_post_class":"","_genesis_layout":"","footnotes":"","tve_updated_post":"","tve_custom_css":"","tve_user_custom_css":"","tve_globals":{},"tcb2_ready":0,"tcb_editor_enabled":0,"tve_landing_page":"","_tve_header":"","_tve_footer":""},"categories":[27],"tags":[],"class_list":["post-19152","post","type-post","status-publish","format-standard","has-post-thumbnail","category-psychosynthesis-and-the-self","entry","override","gs-1","gs-odd","gs-even","gs-featured-content-entry"],"yoast_head":"<!-- This site is optimized with the Yoast SEO Premium plugin v28.3 (Yoast SEO v28.4) - https:\/\/yoast.com\/product\/yoast-seo-premium-wordpress\/ -->\n<title>Expansion of Consciousness: Inner Worlds and the Seven Ways<\/title>\n<meta name=\"description\" content=\"What happens after a peak experience? The expansion of consciousness mapped from inspiration to creative service.\" \/>\n<meta name=\"robots\" content=\"index, follow, max-snippet:-1, max-image-preview:large, max-video-preview:-1\" \/>\n<link rel=\"canonical\" href=\"https:\/\/kennethsorensen.dk\/en\/exploration-and-conquest-of-the-inner-worlds\/\" \/>\n<meta property=\"og:locale\" content=\"en_US\" \/>\n<meta property=\"og:type\" content=\"article\" \/>\n<meta property=\"og:title\" content=\"Exploration and Conquest of The Inner Worlds\" \/>\n<meta property=\"og:description\" content=\"What happens after a peak experience? The expansion of consciousness mapped from inspiration to creative service.\" \/>\n<meta property=\"og:url\" content=\"https:\/\/kennethsorensen.dk\/en\/exploration-and-conquest-of-the-inner-worlds\/\" \/>\n<meta property=\"og:site_name\" content=\"Kenneth S&oslash;rensen\" \/>\n<meta property=\"article:publisher\" content=\"https:\/\/www.facebook.com\/PSselfmastery\/\" \/>\n<meta property=\"article:published_time\" content=\"2023-04-27T10:15:25+00:00\" \/>\n<meta property=\"article:modified_time\" content=\"2026-06-01T17:49:32+00:00\" \/>\n<meta property=\"og:image\" content=\"https:\/\/kennethsorensen.dk\/wp-content\/uploads\/2023\/04\/exploration-inner-worlds.jpg\" \/>\n\t<meta property=\"og:image:width\" content=\"1000\" \/>\n\t<meta property=\"og:image:height\" content=\"533\" \/>\n\t<meta property=\"og:image:type\" content=\"image\/jpeg\" \/>\n<meta name=\"author\" content=\"Roberto Assagioli\" \/>\n<meta name=\"twitter:card\" content=\"summary_large_image\" \/>\n<meta name=\"twitter:label1\" content=\"Written by\" \/>\n\t<meta name=\"twitter:data1\" content=\"Roberto Assagioli\" \/>\n\t<meta name=\"twitter:label2\" content=\"Est. reading time\" \/>\n\t<meta name=\"twitter:data2\" content=\"25 minutes\" \/>\n<script type=\"application\/ld+json\" class=\"yoast-schema-graph\">{\"@context\":\"https:\\\/\\\/schema.org\",\"@graph\":[{\"@type\":\"Article\",\"@id\":\"https:\\\/\\\/kennethsorensen.dk\\\/en\\\/exploration-and-conquest-of-the-inner-worlds\\\/#article\",\"isPartOf\":{\"@id\":\"https:\\\/\\\/kennethsorensen.dk\\\/en\\\/exploration-and-conquest-of-the-inner-worlds\\\/\"},\"author\":{\"name\":\"Roberto Assagioli\",\"@id\":\"https:\\\/\\\/kennethsorensen.dk\\\/en\\\/#\\\/schema\\\/person\\\/ad939dea4c1abfbfddf700c016a2347d\"},\"headline\":\"Exploration and Conquest of The Inner Worlds\",\"datePublished\":\"2023-04-27T10:15:25+00:00\",\"dateModified\":\"2026-06-01T17:49:32+00:00\",\"mainEntityOfPage\":{\"@id\":\"https:\\\/\\\/kennethsorensen.dk\\\/en\\\/exploration-and-conquest-of-the-inner-worlds\\\/\"},\"wordCount\":4962,\"publisher\":{\"@id\":\"https:\\\/\\\/kennethsorensen.dk\\\/en\\\/#organization\"},\"image\":{\"@id\":\"https:\\\/\\\/kennethsorensen.dk\\\/en\\\/exploration-and-conquest-of-the-inner-worlds\\\/#primaryimage\"},\"thumbnailUrl\":\"https:\\\/\\\/kennethsorensen.dk\\\/wp-content\\\/uploads\\\/2023\\\/04\\\/exploration-inner-worlds.jpg\",\"articleSection\":[\"Psychosynthesis and the Self\"],\"inLanguage\":\"en-US\"},{\"@type\":\"WebPage\",\"@id\":\"https:\\\/\\\/kennethsorensen.dk\\\/en\\\/exploration-and-conquest-of-the-inner-worlds\\\/\",\"url\":\"https:\\\/\\\/kennethsorensen.dk\\\/en\\\/exploration-and-conquest-of-the-inner-worlds\\\/\",\"name\":\"Expansion of Consciousness: Inner Worlds and the Seven Ways\",\"isPartOf\":{\"@id\":\"https:\\\/\\\/kennethsorensen.dk\\\/en\\\/#website\"},\"primaryImageOfPage\":{\"@id\":\"https:\\\/\\\/kennethsorensen.dk\\\/en\\\/exploration-and-conquest-of-the-inner-worlds\\\/#primaryimage\"},\"image\":{\"@id\":\"https:\\\/\\\/kennethsorensen.dk\\\/en\\\/exploration-and-conquest-of-the-inner-worlds\\\/#primaryimage\"},\"thumbnailUrl\":\"https:\\\/\\\/kennethsorensen.dk\\\/wp-content\\\/uploads\\\/2023\\\/04\\\/exploration-inner-worlds.jpg\",\"datePublished\":\"2023-04-27T10:15:25+00:00\",\"dateModified\":\"2026-06-01T17:49:32+00:00\",\"description\":\"What happens after a peak experience? The expansion of consciousness mapped from inspiration to creative service.\",\"breadcrumb\":{\"@id\":\"https:\\\/\\\/kennethsorensen.dk\\\/en\\\/exploration-and-conquest-of-the-inner-worlds\\\/#breadcrumb\"},\"inLanguage\":\"en-US\",\"potentialAction\":[{\"@type\":\"ReadAction\",\"target\":[\"https:\\\/\\\/kennethsorensen.dk\\\/en\\\/exploration-and-conquest-of-the-inner-worlds\\\/\"]}]},{\"@type\":\"ImageObject\",\"inLanguage\":\"en-US\",\"@id\":\"https:\\\/\\\/kennethsorensen.dk\\\/en\\\/exploration-and-conquest-of-the-inner-worlds\\\/#primaryimage\",\"url\":\"https:\\\/\\\/kennethsorensen.dk\\\/wp-content\\\/uploads\\\/2023\\\/04\\\/exploration-inner-worlds.jpg\",\"contentUrl\":\"https:\\\/\\\/kennethsorensen.dk\\\/wp-content\\\/uploads\\\/2023\\\/04\\\/exploration-inner-worlds.jpg\",\"width\":1000,\"height\":533,\"caption\":\"expansion of consciousness\"},{\"@type\":\"BreadcrumbList\",\"@id\":\"https:\\\/\\\/kennethsorensen.dk\\\/en\\\/exploration-and-conquest-of-the-inner-worlds\\\/#breadcrumb\",\"itemListElement\":[{\"@type\":\"ListItem\",\"position\":1,\"name\":\"Home\",\"item\":\"https:\\\/\\\/kennethsorensen.dk\\\/en\\\/\"},{\"@type\":\"ListItem\",\"position\":2,\"name\":\"Exploration and Conquest of The Inner Worlds\"}]},{\"@type\":\"WebSite\",\"@id\":\"https:\\\/\\\/kennethsorensen.dk\\\/en\\\/#website\",\"url\":\"https:\\\/\\\/kennethsorensen.dk\\\/en\\\/\",\"name\":\"Kenneth S\u00f8rensen\",\"description\":\"Energipsykologi, meditation og psykosyntese - artikler, b\u00f8ger, videoer ...\",\"publisher\":{\"@id\":\"https:\\\/\\\/kennethsorensen.dk\\\/en\\\/#organization\"},\"potentialAction\":[{\"@type\":\"SearchAction\",\"target\":{\"@type\":\"EntryPoint\",\"urlTemplate\":\"https:\\\/\\\/kennethsorensen.dk\\\/en\\\/?s={search_term_string}\"},\"query-input\":{\"@type\":\"PropertyValueSpecification\",\"valueRequired\":true,\"valueName\":\"search_term_string\"}}],\"inLanguage\":\"en-US\"},{\"@type\":\"Organization\",\"@id\":\"https:\\\/\\\/kennethsorensen.dk\\\/en\\\/#organization\",\"name\":\"kentaur consult as\",\"url\":\"https:\\\/\\\/kennethsorensen.dk\\\/en\\\/\",\"logo\":{\"@type\":\"ImageObject\",\"inLanguage\":\"en-US\",\"@id\":\"https:\\\/\\\/kennethsorensen.dk\\\/en\\\/#\\\/schema\\\/logo\\\/image\\\/\",\"url\":\"https:\\\/\\\/kennethsorensen.dk\\\/wp-content\\\/uploads\\\/2017\\\/05\\\/Hovedlogo_rod_600.png\",\"contentUrl\":\"https:\\\/\\\/kennethsorensen.dk\\\/wp-content\\\/uploads\\\/2017\\\/05\\\/Hovedlogo_rod_600.png\",\"width\":600,\"height\":208,\"caption\":\"kentaur consult as\"},\"image\":{\"@id\":\"https:\\\/\\\/kennethsorensen.dk\\\/en\\\/#\\\/schema\\\/logo\\\/image\\\/\"},\"sameAs\":[\"https:\\\/\\\/www.facebook.com\\\/PSselfmastery\\\/\",\"https:\\\/\\\/www.linkedin.com\\\/in\\\/kenneth-srensen-7140492\\\/\",\"https:\\\/\\\/www.youtube.com\\\/@psychosynthesis_selfmastery\"]},{\"@type\":\"Person\",\"@id\":\"https:\\\/\\\/kennethsorensen.dk\\\/en\\\/#\\\/schema\\\/person\\\/ad939dea4c1abfbfddf700c016a2347d\",\"name\":\"Roberto Assagioli\",\"image\":{\"@type\":\"ImageObject\",\"inLanguage\":\"en-US\",\"@id\":\"https:\\\/\\\/kennethsorensen.dk\\\/wp-content\\\/litespeed\\\/avatar\\\/4f22c1843b14fbd212035085def13943.jpg?ver=1788289564\",\"url\":\"https:\\\/\\\/kennethsorensen.dk\\\/wp-content\\\/litespeed\\\/avatar\\\/4f22c1843b14fbd212035085def13943.jpg?ver=1788289564\",\"contentUrl\":\"https:\\\/\\\/kennethsorensen.dk\\\/wp-content\\\/litespeed\\\/avatar\\\/4f22c1843b14fbd212035085def13943.jpg?ver=1788289564\",\"caption\":\"Roberto Assagioli\"},\"url\":\"https:\\\/\\\/kennethsorensen.dk\\\/en\\\/author\\\/assagioli\\\/\"}]}<\/script>\n<!-- \/ Yoast SEO Premium plugin. -->","yoast_head_json":{"title":"Expansion of Consciousness: Inner Worlds and the Seven Ways","description":"What happens after a peak experience? The expansion of consciousness mapped from inspiration to creative service.","robots":{"index":"index","follow":"follow","max-snippet":"max-snippet:-1","max-image-preview":"max-image-preview:large","max-video-preview":"max-video-preview:-1"},"canonical":"https:\/\/kennethsorensen.dk\/en\/exploration-and-conquest-of-the-inner-worlds\/","og_locale":"en_US","og_type":"article","og_title":"Exploration and Conquest of The Inner Worlds","og_description":"What happens after a peak experience? The expansion of consciousness mapped from inspiration to creative service.","og_url":"https:\/\/kennethsorensen.dk\/en\/exploration-and-conquest-of-the-inner-worlds\/","og_site_name":"Kenneth S&oslash;rensen","article_publisher":"https:\/\/www.facebook.com\/PSselfmastery\/","article_published_time":"2023-04-27T10:15:25+00:00","article_modified_time":"2026-06-01T17:49:32+00:00","og_image":[{"width":1000,"height":533,"url":"https:\/\/kennethsorensen.dk\/wp-content\/uploads\/2023\/04\/exploration-inner-worlds.jpg","type":"image\/jpeg"}],"author":"Roberto Assagioli","twitter_card":"summary_large_image","twitter_misc":{"Written by":"Roberto Assagioli","Est. reading time":"25 minutes"},"schema":{"@context":"https:\/\/schema.org","@graph":[{"@type":"Article","@id":"https:\/\/kennethsorensen.dk\/en\/exploration-and-conquest-of-the-inner-worlds\/#article","isPartOf":{"@id":"https:\/\/kennethsorensen.dk\/en\/exploration-and-conquest-of-the-inner-worlds\/"},"author":{"name":"Roberto Assagioli","@id":"https:\/\/kennethsorensen.dk\/en\/#\/schema\/person\/ad939dea4c1abfbfddf700c016a2347d"},"headline":"Exploration and Conquest of The Inner Worlds","datePublished":"2023-04-27T10:15:25+00:00","dateModified":"2026-06-01T17:49:32+00:00","mainEntityOfPage":{"@id":"https:\/\/kennethsorensen.dk\/en\/exploration-and-conquest-of-the-inner-worlds\/"},"wordCount":4962,"publisher":{"@id":"https:\/\/kennethsorensen.dk\/en\/#organization"},"image":{"@id":"https:\/\/kennethsorensen.dk\/en\/exploration-and-conquest-of-the-inner-worlds\/#primaryimage"},"thumbnailUrl":"https:\/\/kennethsorensen.dk\/wp-content\/uploads\/2023\/04\/exploration-inner-worlds.jpg","articleSection":["Psychosynthesis and the Self"],"inLanguage":"en-US"},{"@type":"WebPage","@id":"https:\/\/kennethsorensen.dk\/en\/exploration-and-conquest-of-the-inner-worlds\/","url":"https:\/\/kennethsorensen.dk\/en\/exploration-and-conquest-of-the-inner-worlds\/","name":"Expansion of Consciousness: Inner Worlds and the Seven Ways","isPartOf":{"@id":"https:\/\/kennethsorensen.dk\/en\/#website"},"primaryImageOfPage":{"@id":"https:\/\/kennethsorensen.dk\/en\/exploration-and-conquest-of-the-inner-worlds\/#primaryimage"},"image":{"@id":"https:\/\/kennethsorensen.dk\/en\/exploration-and-conquest-of-the-inner-worlds\/#primaryimage"},"thumbnailUrl":"https:\/\/kennethsorensen.dk\/wp-content\/uploads\/2023\/04\/exploration-inner-worlds.jpg","datePublished":"2023-04-27T10:15:25+00:00","dateModified":"2026-06-01T17:49:32+00:00","description":"What happens after a peak experience? The expansion of consciousness mapped from inspiration to creative service.","breadcrumb":{"@id":"https:\/\/kennethsorensen.dk\/en\/exploration-and-conquest-of-the-inner-worlds\/#breadcrumb"},"inLanguage":"en-US","potentialAction":[{"@type":"ReadAction","target":["https:\/\/kennethsorensen.dk\/en\/exploration-and-conquest-of-the-inner-worlds\/"]}]},{"@type":"ImageObject","inLanguage":"en-US","@id":"https:\/\/kennethsorensen.dk\/en\/exploration-and-conquest-of-the-inner-worlds\/#primaryimage","url":"https:\/\/kennethsorensen.dk\/wp-content\/uploads\/2023\/04\/exploration-inner-worlds.jpg","contentUrl":"https:\/\/kennethsorensen.dk\/wp-content\/uploads\/2023\/04\/exploration-inner-worlds.jpg","width":1000,"height":533,"caption":"expansion of consciousness"},{"@type":"BreadcrumbList","@id":"https:\/\/kennethsorensen.dk\/en\/exploration-and-conquest-of-the-inner-worlds\/#breadcrumb","itemListElement":[{"@type":"ListItem","position":1,"name":"Home","item":"https:\/\/kennethsorensen.dk\/en\/"},{"@type":"ListItem","position":2,"name":"Exploration and Conquest of The Inner Worlds"}]},{"@type":"WebSite","@id":"https:\/\/kennethsorensen.dk\/en\/#website","url":"https:\/\/kennethsorensen.dk\/en\/","name":"Kenneth S\u00f8rensen","description":"Energipsykologi, meditation og psykosyntese - artikler, b\u00f8ger, videoer ...","publisher":{"@id":"https:\/\/kennethsorensen.dk\/en\/#organization"},"potentialAction":[{"@type":"SearchAction","target":{"@type":"EntryPoint","urlTemplate":"https:\/\/kennethsorensen.dk\/en\/?s={search_term_string}"},"query-input":{"@type":"PropertyValueSpecification","valueRequired":true,"valueName":"search_term_string"}}],"inLanguage":"en-US"},{"@type":"Organization","@id":"https:\/\/kennethsorensen.dk\/en\/#organization","name":"kentaur consult as","url":"https:\/\/kennethsorensen.dk\/en\/","logo":{"@type":"ImageObject","inLanguage":"en-US","@id":"https:\/\/kennethsorensen.dk\/en\/#\/schema\/logo\/image\/","url":"https:\/\/kennethsorensen.dk\/wp-content\/uploads\/2017\/05\/Hovedlogo_rod_600.png","contentUrl":"https:\/\/kennethsorensen.dk\/wp-content\/uploads\/2017\/05\/Hovedlogo_rod_600.png","width":600,"height":208,"caption":"kentaur consult as"},"image":{"@id":"https:\/\/kennethsorensen.dk\/en\/#\/schema\/logo\/image\/"},"sameAs":["https:\/\/www.facebook.com\/PSselfmastery\/","https:\/\/www.linkedin.com\/in\/kenneth-srensen-7140492\/","https:\/\/www.youtube.com\/@psychosynthesis_selfmastery"]},{"@type":"Person","@id":"https:\/\/kennethsorensen.dk\/en\/#\/schema\/person\/ad939dea4c1abfbfddf700c016a2347d","name":"Roberto Assagioli","image":{"@type":"ImageObject","inLanguage":"en-US","@id":"https:\/\/kennethsorensen.dk\/wp-content\/litespeed\/avatar\/4f22c1843b14fbd212035085def13943.jpg?ver=1788289564","url":"https:\/\/kennethsorensen.dk\/wp-content\/litespeed\/avatar\/4f22c1843b14fbd212035085def13943.jpg?ver=1788289564","contentUrl":"https:\/\/kennethsorensen.dk\/wp-content\/litespeed\/avatar\/4f22c1843b14fbd212035085def13943.jpg?ver=1788289564","caption":"Roberto Assagioli"},"url":"https:\/\/kennethsorensen.dk\/en\/author\/assagioli\/"}]}},"featured_image_src":"https:\/\/kennethsorensen.dk\/wp-content\/uploads\/2023\/04\/exploration-inner-worlds.jpg","featured_image_src_square":"https:\/\/kennethsorensen.dk\/wp-content\/uploads\/2023\/04\/exploration-inner-worlds.jpg","author_info":{"display_name":"Roberto Assagioli","author_link":"https:\/\/kennethsorensen.dk\/en\/author\/assagioli\/"},"_links":{"self":[{"href":"https:\/\/kennethsorensen.dk\/en\/wp-json\/wp\/v2\/posts\/19152","targetHints":{"allow":["GET"]}}],"collection":[{"href":"https:\/\/kennethsorensen.dk\/en\/wp-json\/wp\/v2\/posts"}],"about":[{"href":"https:\/\/kennethsorensen.dk\/en\/wp-json\/wp\/v2\/types\/post"}],"author":[{"embeddable":true,"href":"https:\/\/kennethsorensen.dk\/en\/wp-json\/wp\/v2\/users\/875"}],"replies":[{"embeddable":true,"href":"https:\/\/kennethsorensen.dk\/en\/wp-json\/wp\/v2\/comments?post=19152"}],"version-history":[{"count":1,"href":"https:\/\/kennethsorensen.dk\/en\/wp-json\/wp\/v2\/posts\/19152\/revisions"}],"predecessor-version":[{"id":30861,"href":"https:\/\/kennethsorensen.dk\/en\/wp-json\/wp\/v2\/posts\/19152\/revisions\/30861"}],"wp:featuredmedia":[{"embeddable":true,"href":"https:\/\/kennethsorensen.dk\/en\/wp-json\/wp\/v2\/media\/19155"}],"wp:attachment":[{"href":"https:\/\/kennethsorensen.dk\/en\/wp-json\/wp\/v2\/media?parent=19152"}],"wp:term":[{"taxonomy":"category","embeddable":true,"href":"https:\/\/kennethsorensen.dk\/en\/wp-json\/wp\/v2\/categories?post=19152"},{"taxonomy":"post_tag","embeddable":true,"href":"https:\/\/kennethsorensen.dk\/en\/wp-json\/wp\/v2\/tags?post=19152"}],"curies":[{"name":"wp","href":"https:\/\/api.w.org\/{rel}","templated":true}]}}